{"id":69,"date":"2025-08-27T17:41:43","date_gmt":"2025-08-27T20:41:43","guid":{"rendered":"http:\/\/localhost\/colfarma\/?p=69"},"modified":"2025-08-27T17:41:43","modified_gmt":"2025-08-27T20:41:43","slug":"reunion-de-la-comision-de-salud-con-farmaceuticos","status":"publish","type":"post","link":"https:\/\/colfarma.info\/pilar\/reunion-de-la-comision-de-salud-con-farmaceuticos\/","title":{"rendered":"Reuni\u00f3n de la Comisi\u00f3n de Salud con Farmac\u00e9uticos"},"content":{"rendered":"<p>En el d\u00eda de ayer la comisi\u00f3n Salud P\u00fablica y Medio Ambiente recibi\u00f3 en el HCD a los farmac\u00e9uticos de Pilar.<\/p>\n<p>La comisi\u00f3n presidida por Juan Pablo\u00a0Rold\u00e1n, y que tiene como Secretario a Juan Manuel Quintana, recibi\u00f3 a los farmac\u00e9uticos de Pilar, quienes mostraron su preocupaci\u00f3n en cuanto al posible arribo de Farmacity a la Provincia de Buenos Aires.<\/p>\n<p>Ademas de Roldan y Quintana, otros ediles que estuvieron presentes fueron Santiago Laurent, Claudia Juanes, Daniel Liber\u00e9, Lizzie Wanger, Gustavo Gonz\u00e1lez, Silvio Rodr\u00edguez, Paula Gonz\u00e1lez y Adri\u00e1n Maciel; y Fabi\u00e1n Oro\u00f1o, Titular del Colegio de Farmac\u00e9uticos de Pilar y los Farmac\u00e9uticos representantes de todas las localidades del partido de Pilar.<\/p>\n<p>La Concejal del bloque del Frente Pilarense, Paula Gonz\u00e1lez se refiri\u00f3 a la situaci\u00f3n \u00abEscuchamos la preocupaci\u00f3n de los Farmac\u00e9uticos de Pilar ante la posible modificaci\u00f3n de la ley provincial\u00bb; \u00abLa que regula el funcionamiento de las farmacias, es la ley que est\u00e1 siendo atacada y la que se pretende modificar para habilitar el desembarco de los modelos de farmacias shopping en la Provincia de Buenos Aires\u00bb, \u00abNos contaban de la lucha que llevan adelante en contra del poder pol\u00edtico y econ\u00f3mico que intenta desconocer a las farmacias como una extensi\u00f3n del sistema de salud, su importancia y cercan\u00eda con el vecino\u00bb; \u00abPresentamos un proyecto de comunicaci\u00f3n en donde expresamos nuestra disconformidad ante la posible vulneraci\u00f3n de la ley vigente. Estamos convencidos de que lado hay que estar, defendiendo las Farmacias del barrio\u00bb.<\/p>\n<p>Por otro lado, la Edil del Frente Renovador, Claudia Juanes expres\u00f3 \u00abSe plante\u00f3 que los farmac\u00e9uticos hagan una presentaci\u00f3n por escrito, y con el repudio que firmamos en Marzo, podamos hacer m\u00e1s fuerza. Seguramente el expediente se trate en la pr\u00f3xima sesi\u00f3n del 26 de Abril\u00bb.<\/p>\n<p>Daniel Liber\u00e9, Presidente del Bloque Tratado del Pilar opin\u00f3 \u00abMe parece importante el trabaj\u00f3 del Concejo. Nosotros debemos trabajar para los pilarenses. No nos tiene que interesar una ley que proteja al capital que seguramente va en contra de los intereses de nuestros farmac\u00e9uticos y las mas de 500 familias que trabajan gracias a todos ellos. Mi compromiso es con todos los vecinos de Pilar\u00bb.<\/p>\n<p>Por su parte, Fabi\u00e1n Oro\u00f1o manifest\u00f3 que \u00abLa reuni\u00f3n fue muy buena, hubo mucho respeto y nos escucharon\u00bb, sobre lo que hablaron dijo \u00abLa situaci\u00f3n que vivimos es muy complicado, estamos muy preocupados, pedimos que se respete la Ley 10.606\u00bb; \u00abEstamos todos los farmac\u00e9uticos en alerta, en caso de que como quiere el Vice-Jefe de Gabinete de la Naci\u00f3n, Mario Quintana, Ex-Ceo de Farmacity, la cadena llegue a la provincia de Buenos Aires\u00bb, \u00abSe usaron las influencias que \u00e9l tiene en el Gobierno para instalar algo fuera de la Ley\u00bb, por \u00faltimo el Titular del Colegio de Farmac\u00e9uticos sostuvo \u00abEsta medida implica que los vecinos se queden sin farmacias de proximidad, sin la farmacia de barrio o el farmac\u00e9utico amigo\u00bb; \u00abPor cada cadena de estas hay nueve farmacias comunitarias que cierran\u00bb, \u00abLa gente va a perder el acceso al medicamento en su barrio. Adem\u00e1s pone en peligro la salud de la poblaci\u00f3n, y muchas fuentes de trabajo, hay 500 trabajadores en riesgo en Pilar\u00bb.<\/p>\n<p>Nota citada: http:\/\/periodicodelpilar.medios.com.ar\/noticia\/3183\/reunion-de-la-comision-de-salud-con-farmaceuticos<\/p>\n","protected":false},"excerpt":{"rendered":"<p>En el d\u00eda de ayer la comisi\u00f3n Salud P\u00fablica y Medio Ambiente recibi\u00f3 en el HCD a los farmac\u00e9uticos de Pilar. La comisi\u00f3n presidida por Juan Pablo\u00a0Rold\u00e1n, y que tiene como Secretario a Juan Manuel Quintana, recibi\u00f3 a los farmac\u00e9uticos<\/p>\n","protected":false},"author":1,"featured_media":70,"comment_status":"open","ping_status":"open","sticky":false,"template":"","format":"standard","meta":{"_acf_changed":false,"footnotes":""},"categories":[5],"tags":[],"class_list":["post-69","post","type-post","status-publish","format-standard","has-post-thumbnail","hentry","category-noticias"],"acf":[],"_links":{"self":[{"href":"https:\/\/colfarma.info\/pilar\/wp-json\/wp\/v2\/posts\/69","targetHints":{"allow":["GET"]}}],"collection":[{"href":"https:\/\/colfarma.info\/pilar\/wp-json\/wp\/v2\/posts"}],"about":[{"href":"https:\/\/colfarma.info\/pilar\/wp-json\/wp\/v2\/types\/post"}],"author":[{"embeddable":true,"href":"https:\/\/colfarma.info\/pilar\/wp-json\/wp\/v2\/users\/1"}],"replies":[{"embeddable":true,"href":"https:\/\/colfarma.info\/pilar\/wp-json\/wp\/v2\/comments?post=69"}],"version-history":[{"count":1,"href":"https:\/\/colfarma.info\/pilar\/wp-json\/wp\/v2\/posts\/69\/revisions"}],"predecessor-version":[{"id":71,"href":"https:\/\/colfarma.info\/pilar\/wp-json\/wp\/v2\/posts\/69\/revisions\/71"}],"wp:featuredmedia":[{"embeddable":true,"href":"https:\/\/colfarma.info\/pilar\/wp-json\/wp\/v2\/media\/70"}],"wp:attachment":[{"href":"https:\/\/colfarma.info\/pilar\/wp-json\/wp\/v2\/media?parent=69"}],"wp:term":[{"taxonomy":"category","embeddable":true,"href":"https:\/\/colfarma.info\/pilar\/wp-json\/wp\/v2\/categories?post=69"},{"taxonomy":"post_tag","embeddable":true,"href":"https:\/\/colfarma.info\/pilar\/wp-json\/wp\/v2\/tags?post=69"}],"curies":[{"name":"wp","href":"https:\/\/api.w.org\/{rel}","templated":true}]}}