{"id":710,"date":"2019-06-13T13:13:00","date_gmt":"2019-06-13T13:13:00","guid":{"rendered":"http:\/\/colfarma.info\/colfarchascomus\/?p=710"},"modified":"2019-06-13T13:13:02","modified_gmt":"2019-06-13T13:13:02","slug":"farmacia-farmasur","status":"publish","type":"post","link":"https:\/\/colfarma.info\/colfarchascomus\/farmacia-farmasur\/","title":{"rendered":"Farmacia Farmasur"},"content":{"rendered":"\n<p> #ConociendoNuestrasFarmacias <\/p>\n\n\n\n<p>FARMASUR, UNA NECESIDAD CUMPLIDA DE VARIOS BARRIOS Pocos meses atr\u00e1s, el 25 de febrero de este a\u00f1o en pleno Gallo Blanco, Bah\u00eda Blanca 59 precisamente, empez\u00f3 a funcionar Farmasur, la esperada d\u00e9cimo quinta farmacia de Chascom\u00fas, una necesidad cumplida de varios barrios y el proyecto concretado luego de a\u00f1os por la farmac\u00e9utica Cecilia Anchordoquy.<\/p>\n\n\n\n<figure class=\"wp-block-image\"><img loading=\"lazy\" decoding=\"async\" width=\"1024\" height=\"682\" src=\"http:\/\/colfarma.info\/colfarchascomus\/wp-content\/uploads\/2019\/06\/WhatsApp-Image-2019-06-13-at-09.40.42-1024x682.jpeg\" alt=\"\" class=\"wp-image-711\" srcset=\"https:\/\/colfarma.info\/colfarchascomus\/wp-content\/uploads\/2019\/06\/WhatsApp-Image-2019-06-13-at-09.40.42-1024x682.jpeg 1024w, https:\/\/colfarma.info\/colfarchascomus\/wp-content\/uploads\/2019\/06\/WhatsApp-Image-2019-06-13-at-09.40.42-300x200.jpeg 300w, https:\/\/colfarma.info\/colfarchascomus\/wp-content\/uploads\/2019\/06\/WhatsApp-Image-2019-06-13-at-09.40.42-768x512.jpeg 768w, https:\/\/colfarma.info\/colfarchascomus\/wp-content\/uploads\/2019\/06\/WhatsApp-Image-2019-06-13-at-09.40.42.jpeg 1280w\" sizes=\"auto, (max-width: 1024px) 100vw, 1024px\" \/><\/figure>\n\n\n\n<p> \u201cDesde 2012 que ven\u00eda intentando tener mi farmacia. Estuve en conversaciones con tres propietarios para comprar en Chascom\u00fas y con otro en Pila, pero por diferentes razones no se dieron. Hasta que lleg\u00f3 esta oportunidad, en un barrio que conozco mucho, y en menos de un a\u00f1o pude hacer realidad mi sue\u00f1o\u201d, remarc\u00f3 quien tambi\u00e9n es ingeniera qu\u00edmica, con 17 a\u00f1os en la industria qu\u00edmica y alimenticia, en empresas como por ejemplo Villa del Sur y Gancia.<\/p>\n\n\n\n<figure class=\"wp-block-image\"><img loading=\"lazy\" decoding=\"async\" width=\"960\" height=\"722\" src=\"http:\/\/colfarma.info\/colfarchascomus\/wp-content\/uploads\/2019\/06\/WhatsApp-Image-2019-06-13-at-09.40.43.jpeg\" alt=\"\" class=\"wp-image-712\" srcset=\"https:\/\/colfarma.info\/colfarchascomus\/wp-content\/uploads\/2019\/06\/WhatsApp-Image-2019-06-13-at-09.40.43.jpeg 960w, https:\/\/colfarma.info\/colfarchascomus\/wp-content\/uploads\/2019\/06\/WhatsApp-Image-2019-06-13-at-09.40.43-300x226.jpeg 300w, https:\/\/colfarma.info\/colfarchascomus\/wp-content\/uploads\/2019\/06\/WhatsApp-Image-2019-06-13-at-09.40.43-768x578.jpeg 768w\" sizes=\"auto, (max-width: 960px) 100vw, 960px\" \/><\/figure>\n\n\n\n<p><\/p>\n\n\n\n<p> \u201cEmpec\u00e9 como jugando luego de los intentos fallidos anteriores, pero r\u00e1pidamente me di cuenta que en esta ocasi\u00f3n se iba a dar. En mayo del a\u00f1o pasado me enter\u00e9 de la oportunidad por los medios de comunicaci\u00f3n, habl\u00e9 con Luis (Ferrari, presidente del Colegio de Farmac\u00e9utico) y tambi\u00e9n con Osvaldo (Casalins, presidente del Concejo Deliberante), en junio present\u00e9 los papeles en el Ministerio y en noviembre\/diciembre, justo cuando pude vender mi departamento en Buenos Aires, lleg\u00f3 la autorizaci\u00f3n para abrir\u201d, record\u00f3 la farmac\u00e9utica que supo trabajar en Farmacity y Farmacia Azul en Capital Federal. <\/p>\n\n\n\n<figure class=\"wp-block-image\"><img loading=\"lazy\" decoding=\"async\" width=\"1024\" height=\"768\" src=\"http:\/\/colfarma.info\/colfarchascomus\/wp-content\/uploads\/2019\/06\/WhatsApp-Image-2019-06-13-at-09.40.53-1024x768.jpeg\" alt=\"\" class=\"wp-image-713\" srcset=\"https:\/\/colfarma.info\/colfarchascomus\/wp-content\/uploads\/2019\/06\/WhatsApp-Image-2019-06-13-at-09.40.53-1024x768.jpeg 1024w, https:\/\/colfarma.info\/colfarchascomus\/wp-content\/uploads\/2019\/06\/WhatsApp-Image-2019-06-13-at-09.40.53-300x225.jpeg 300w, https:\/\/colfarma.info\/colfarchascomus\/wp-content\/uploads\/2019\/06\/WhatsApp-Image-2019-06-13-at-09.40.53-768x576.jpeg 768w, https:\/\/colfarma.info\/colfarchascomus\/wp-content\/uploads\/2019\/06\/WhatsApp-Image-2019-06-13-at-09.40.53.jpeg 1280w\" sizes=\"auto, (max-width: 1024px) 100vw, 1024px\" \/><\/figure>\n\n\n\n<p>\u201cEstos primeros meses fueron complicados, como para todos, pero el acompa\u00f1amiento de la gente del barrio, que hab\u00eda solicitado se instale una farmacia hace un mont\u00f3n debido a la distancia con otras farmacias, es muy importante. Hoy contamos con casi todas las obras sociales, ya fuimos auditados por PAMI, por la cual empezaremos a atender en breve y estamos a la espera de novedades de IOMA\u201d, coment\u00f3 Cecilia. <\/p>\n\n\n\n<figure class=\"wp-block-image\"><img loading=\"lazy\" decoding=\"async\" width=\"1024\" height=\"768\" src=\"http:\/\/colfarma.info\/colfarchascomus\/wp-content\/uploads\/2019\/06\/WhatsApp-Image-2019-06-13-at-09.40.45-1024x768.jpeg\" alt=\"\" class=\"wp-image-714\" srcset=\"https:\/\/colfarma.info\/colfarchascomus\/wp-content\/uploads\/2019\/06\/WhatsApp-Image-2019-06-13-at-09.40.45-1024x768.jpeg 1024w, https:\/\/colfarma.info\/colfarchascomus\/wp-content\/uploads\/2019\/06\/WhatsApp-Image-2019-06-13-at-09.40.45-300x225.jpeg 300w, https:\/\/colfarma.info\/colfarchascomus\/wp-content\/uploads\/2019\/06\/WhatsApp-Image-2019-06-13-at-09.40.45-768x576.jpeg 768w, https:\/\/colfarma.info\/colfarchascomus\/wp-content\/uploads\/2019\/06\/WhatsApp-Image-2019-06-13-at-09.40.45.jpeg 1280w\" sizes=\"auto, (max-width: 1024px) 100vw, 1024px\" \/><\/figure>\n\n\n\n<p><\/p>\n\n\n\n<p>\u201cLa farmacia fue muy esperada en el Gallo Blanco y en otros barrios, como Caballito Blanco, El Porte\u00f1o, La Esmeralda, El Hueco, La Liberata, Las Violetas y Esteban Echeverr\u00eda. Tambi\u00e9n tenemos pacientes de casas de fines de semana e incluso de viajeros que paran en la ruta. La verdad que es muy fuerte el apoyo de los vecinos, ya sea por la ubicaci\u00f3n o porque nos conocen, tanto a m\u00ed, como Laura Moltrasio, que es mi mano derecha y tiene 20 a\u00f1os de experiencia en farmacia, y a Adri\u00e1n Claro, que est\u00e1 aprendiendo y quiere estudiar la carrera\u201d, a\u00f1adi\u00f3 quien tambi\u00e9n trabajara en distribuci\u00f3n de medicamentos en Andreani y en el Hospital Municipal de Chascom\u00fas.<\/p>\n\n\n\n<figure class=\"wp-block-image\"><img loading=\"lazy\" decoding=\"async\" width=\"1024\" height=\"682\" src=\"http:\/\/colfarma.info\/colfarchascomus\/wp-content\/uploads\/2019\/06\/WhatsApp-Image-2019-06-13-at-09.40.52-1024x682.jpeg\" alt=\"\" class=\"wp-image-715\" srcset=\"https:\/\/colfarma.info\/colfarchascomus\/wp-content\/uploads\/2019\/06\/WhatsApp-Image-2019-06-13-at-09.40.52-1024x682.jpeg 1024w, https:\/\/colfarma.info\/colfarchascomus\/wp-content\/uploads\/2019\/06\/WhatsApp-Image-2019-06-13-at-09.40.52-300x200.jpeg 300w, https:\/\/colfarma.info\/colfarchascomus\/wp-content\/uploads\/2019\/06\/WhatsApp-Image-2019-06-13-at-09.40.52-768x512.jpeg 768w, https:\/\/colfarma.info\/colfarchascomus\/wp-content\/uploads\/2019\/06\/WhatsApp-Image-2019-06-13-at-09.40.52.jpeg 1280w\" sizes=\"auto, (max-width: 1024px) 100vw, 1024px\" \/><\/figure>\n\n\n\n<p> Por \u00faltimo, Anchordoquy recalc\u00f3 que \u201cen Farmasur brindamos diferentes servicios que son muy \u00fatiles por la ubicaci\u00f3n que tenemos, ya sea en perfumer\u00eda o delivery, pero fundamentalmente estamos para solucionar problemas de salud, para dar una atenci\u00f3n personalizada y asesorar incluso en la relaci\u00f3n precio\/calidad en estos momentos complicados, haciendo un seguimiento del paciente y cuando es necesario, derivando a donde corresponda, siendo importante tener cerca la salita del barrio\u201d. #Farmacias #FarmaciasDeBarrio #Farmaceuticos #Chascomus <\/p>\n","protected":false},"excerpt":{"rendered":"<p>#ConociendoNuestrasFarmacias FARMASUR, UNA NECESIDAD CUMPLIDA DE VARIOS BARRIOS Pocos meses atr\u00e1s, el 25 de febrero de este a\u00f1o en pleno Gallo Blanco, Bah\u00eda Blanca 59 precisamente, empez\u00f3 a funcionar Farmasur, la esperada d\u00e9cimo quinta farmacia de Chascom\u00fas, una necesidad cumplida de varios barrios y el proyecto concretado luego de a\u00f1os por la farmac\u00e9utica Cecilia Anchordoquy. <a class=\"more-link\" href=\"https:\/\/colfarma.info\/colfarchascomus\/farmacia-farmasur\/\">Leer m\u00e1s &#8230;<\/a><\/p>\n","protected":false},"author":4,"featured_media":711,"comment_status":"closed","ping_status":"closed","sticky":false,"template":"","format":"standard","meta":{"footnotes":""},"categories":[1],"tags":[],"class_list":["post-710","post","type-post","status-publish","format-standard","has-post-thumbnail","hentry","category-uncategorized"],"_links":{"self":[{"href":"https:\/\/colfarma.info\/colfarchascomus\/wp-json\/wp\/v2\/posts\/710","targetHints":{"allow":["GET"]}}],"collection":[{"href":"https:\/\/colfarma.info\/colfarchascomus\/wp-json\/wp\/v2\/posts"}],"about":[{"href":"https:\/\/colfarma.info\/colfarchascomus\/wp-json\/wp\/v2\/types\/post"}],"author":[{"embeddable":true,"href":"https:\/\/colfarma.info\/colfarchascomus\/wp-json\/wp\/v2\/users\/4"}],"replies":[{"embeddable":true,"href":"https:\/\/colfarma.info\/colfarchascomus\/wp-json\/wp\/v2\/comments?post=710"}],"version-history":[{"count":1,"href":"https:\/\/colfarma.info\/colfarchascomus\/wp-json\/wp\/v2\/posts\/710\/revisions"}],"predecessor-version":[{"id":716,"href":"https:\/\/colfarma.info\/colfarchascomus\/wp-json\/wp\/v2\/posts\/710\/revisions\/716"}],"wp:featuredmedia":[{"embeddable":true,"href":"https:\/\/colfarma.info\/colfarchascomus\/wp-json\/wp\/v2\/media\/711"}],"wp:attachment":[{"href":"https:\/\/colfarma.info\/colfarchascomus\/wp-json\/wp\/v2\/media?parent=710"}],"wp:term":[{"taxonomy":"category","embeddable":true,"href":"https:\/\/colfarma.info\/colfarchascomus\/wp-json\/wp\/v2\/categories?post=710"},{"taxonomy":"post_tag","embeddable":true,"href":"https:\/\/colfarma.info\/colfarchascomus\/wp-json\/wp\/v2\/tags?post=710"}],"curies":[{"name":"wp","href":"https:\/\/api.w.org\/{rel}","templated":true}]}}