{"id":701,"date":"2019-06-07T21:00:05","date_gmt":"2019-06-07T21:00:05","guid":{"rendered":"http:\/\/colfarma.info\/colfarchascomus\/?p=701"},"modified":"2019-06-07T21:00:06","modified_gmt":"2019-06-07T21:00:06","slug":"farmacia-malena","status":"publish","type":"post","link":"https:\/\/colfarma.info\/colfarchascomus\/farmacia-malena\/","title":{"rendered":"Farmacia Malena"},"content":{"rendered":"\n<p>MUCHO M\u00c1S QUE UNA FARMACIA<\/p>\n\n\n\n<p>Un 29 de marzo de 2003, hace m\u00e1s de 16 a\u00f1os, la familia Soliani, con Eduardo y Alicia a la cabeza, abrieron su tercera farmacia en Chascom\u00fas, luego de Alfons\u00edn y Varela (hoy Del Norte), la cual vendieron.<\/p>\n\n\n\n<figure class=\"wp-block-image\"><img loading=\"lazy\" decoding=\"async\" width=\"1024\" height=\"768\" src=\"http:\/\/colfarma.info\/colfarchascomus\/wp-content\/uploads\/2019\/06\/WhatsApp-Image-2019-06-07-at-11.59.00-1-1024x768.jpeg\" alt=\"\" class=\"wp-image-702\" srcset=\"https:\/\/colfarma.info\/colfarchascomus\/wp-content\/uploads\/2019\/06\/WhatsApp-Image-2019-06-07-at-11.59.00-1-1024x768.jpeg 1024w, https:\/\/colfarma.info\/colfarchascomus\/wp-content\/uploads\/2019\/06\/WhatsApp-Image-2019-06-07-at-11.59.00-1-300x225.jpeg 300w, https:\/\/colfarma.info\/colfarchascomus\/wp-content\/uploads\/2019\/06\/WhatsApp-Image-2019-06-07-at-11.59.00-1-768x576.jpeg 768w, https:\/\/colfarma.info\/colfarchascomus\/wp-content\/uploads\/2019\/06\/WhatsApp-Image-2019-06-07-at-11.59.00-1.jpeg 1152w\" sizes=\"auto, (max-width: 1024px) 100vw, 1024px\" \/><\/figure>\n\n\n\n<p>Se trata de Malena, que es mucho m\u00e1s que una farmacia para los oriundos de Berisso, ya que as\u00ed se llama su nieta, justamente hija de Lorena, propietaria del lugar desde marzo de 2007, siempre respaldada por la Directora T\u00e9cnica, la farmac\u00e9utica Marita Varela, y Araceli Chavarrito.<\/p>\n\n\n\n<p>\u201cDe la farmacia, los primeros a\u00f1os, se hizo cargo mi hermano Mariano, pero cuando se volvi\u00f3 a La Plata, tuve un ultim\u00e1tum: me ven\u00eda a Chascom\u00fas a administrar la farmacia o la vend\u00edan, ya que mis padres no pod\u00edan con Alfons\u00edn y Malena\u201d, coment\u00f3 Lorena.<\/p>\n\n\n\n<p>\u201cNo fue traum\u00e1tico hacerme cargo de la farmacia, porque siempre estuve ligada a la salud, debido que estudi\u00e9 4 a\u00f1os medicina y soy t\u00e9cnica en laboratorio, de lo que trabaj\u00e9 en Campana\u201d, record\u00f3 la mam\u00e1 de Malena, que con 17 a\u00f1os tiene decidido seguir psicolog\u00eda.<\/p>\n\n\n\n<figure class=\"wp-block-image\"><img loading=\"lazy\" decoding=\"async\" width=\"1024\" height=\"768\" src=\"http:\/\/colfarma.info\/colfarchascomus\/wp-content\/uploads\/2019\/06\/WhatsApp-Image-2019-06-07-at-11.59.00-1024x768.jpeg\" alt=\"\" class=\"wp-image-703\" srcset=\"https:\/\/colfarma.info\/colfarchascomus\/wp-content\/uploads\/2019\/06\/WhatsApp-Image-2019-06-07-at-11.59.00-1024x768.jpeg 1024w, https:\/\/colfarma.info\/colfarchascomus\/wp-content\/uploads\/2019\/06\/WhatsApp-Image-2019-06-07-at-11.59.00-300x225.jpeg 300w, https:\/\/colfarma.info\/colfarchascomus\/wp-content\/uploads\/2019\/06\/WhatsApp-Image-2019-06-07-at-11.59.00-768x576.jpeg 768w, https:\/\/colfarma.info\/colfarchascomus\/wp-content\/uploads\/2019\/06\/WhatsApp-Image-2019-06-07-at-11.59.00.jpeg 1152w\" sizes=\"auto, (max-width: 1024px) 100vw, 1024px\" \/><\/figure>\n\n\n\n<p>Tras recordar que la farmacia naci\u00f3 con el local ubicado en la esquina de Escribano y Machado, en convenio realizado previamente con el due\u00f1o del lugar, Soliani destac\u00f3 a la farmac\u00e9utica Varela: \u201cMarita es una gran profesional y si bien nosotros tenemos muchos pacientes del barrio, tambi\u00e9n vienen de otros puntos de la ciudad, porque b\u00e1sicamente la siguen a ella, le tienen mucha confianza. Adem\u00e1s fue y es una gran maestra para las chicas que trabajan con nosotros\u201d.<\/p>\n\n\n\n<figure class=\"wp-block-image\"><img loading=\"lazy\" decoding=\"async\" width=\"1024\" height=\"768\" src=\"http:\/\/colfarma.info\/colfarchascomus\/wp-content\/uploads\/2019\/06\/WhatsApp-Image-2019-06-07-at-11.58.59-1-2-1024x768.jpeg\" alt=\"\" class=\"wp-image-706\" srcset=\"https:\/\/colfarma.info\/colfarchascomus\/wp-content\/uploads\/2019\/06\/WhatsApp-Image-2019-06-07-at-11.58.59-1-2-1024x768.jpeg 1024w, https:\/\/colfarma.info\/colfarchascomus\/wp-content\/uploads\/2019\/06\/WhatsApp-Image-2019-06-07-at-11.58.59-1-2-300x225.jpeg 300w, https:\/\/colfarma.info\/colfarchascomus\/wp-content\/uploads\/2019\/06\/WhatsApp-Image-2019-06-07-at-11.58.59-1-2-768x576.jpeg 768w, https:\/\/colfarma.info\/colfarchascomus\/wp-content\/uploads\/2019\/06\/WhatsApp-Image-2019-06-07-at-11.58.59-1-2.jpeg 1152w\" sizes=\"auto, (max-width: 1024px) 100vw, 1024px\" \/><\/figure>\n\n\n\n<p>Y luego de resaltar las modificaciones realizadas el a\u00f1o pasado en la farmacia, para que los clientes est\u00e9n m\u00e1s c\u00f3modos, Lorena tambi\u00e9n elogi\u00f3 a su equipo de trabajo: \u201cJunto a Marita y Araceli, que est\u00e1n desde que se abri\u00f3 la farmacia y son fundamentales, no menos importantes son Julieta Fern\u00e1ndez, que se vino desde Dolores, y Ver\u00f3nica Mart\u00ednez, ambas con mucha experiencia en salud; como antes lo fueron Estefan\u00eda Basset, mi cu\u00f1ada que hace pocos d\u00edas me hizo t\u00eda, M\u00f3nica Pedatella, que sigue en permanente contacto con todas nosotras, y Sof\u00eda And\u00eda\u201d.<\/p>\n\n\n\n<figure class=\"wp-block-image\"><img loading=\"lazy\" decoding=\"async\" width=\"1024\" height=\"768\" src=\"http:\/\/colfarma.info\/colfarchascomus\/wp-content\/uploads\/2019\/06\/WhatsApp-Image-2019-06-07-at-11.58.59-1024x768.jpeg\" alt=\"\" class=\"wp-image-707\" srcset=\"https:\/\/colfarma.info\/colfarchascomus\/wp-content\/uploads\/2019\/06\/WhatsApp-Image-2019-06-07-at-11.58.59-1024x768.jpeg 1024w, https:\/\/colfarma.info\/colfarchascomus\/wp-content\/uploads\/2019\/06\/WhatsApp-Image-2019-06-07-at-11.58.59-300x225.jpeg 300w, https:\/\/colfarma.info\/colfarchascomus\/wp-content\/uploads\/2019\/06\/WhatsApp-Image-2019-06-07-at-11.58.59-768x576.jpeg 768w, https:\/\/colfarma.info\/colfarchascomus\/wp-content\/uploads\/2019\/06\/WhatsApp-Image-2019-06-07-at-11.58.59.jpeg 1152w\" sizes=\"auto, (max-width: 1024px) 100vw, 1024px\" \/><\/figure>\n\n\n\n<figure class=\"wp-block-image\"><img loading=\"lazy\" decoding=\"async\" width=\"1024\" height=\"768\" src=\"http:\/\/colfarma.info\/colfarchascomus\/wp-content\/uploads\/2019\/06\/WhatsApp-Image-2019-06-07-at-11.58.58-1024x768.jpeg\" alt=\"\" class=\"wp-image-708\" srcset=\"https:\/\/colfarma.info\/colfarchascomus\/wp-content\/uploads\/2019\/06\/WhatsApp-Image-2019-06-07-at-11.58.58-1024x768.jpeg 1024w, https:\/\/colfarma.info\/colfarchascomus\/wp-content\/uploads\/2019\/06\/WhatsApp-Image-2019-06-07-at-11.58.58-300x225.jpeg 300w, https:\/\/colfarma.info\/colfarchascomus\/wp-content\/uploads\/2019\/06\/WhatsApp-Image-2019-06-07-at-11.58.58-768x576.jpeg 768w, https:\/\/colfarma.info\/colfarchascomus\/wp-content\/uploads\/2019\/06\/WhatsApp-Image-2019-06-07-at-11.58.58.jpeg 1152w\" sizes=\"auto, (max-width: 1024px) 100vw, 1024px\" \/><\/figure>\n","protected":false},"excerpt":{"rendered":"<p>MUCHO M\u00c1S QUE UNA FARMACIA Un 29 de marzo de 2003, hace m\u00e1s de 16 a\u00f1os, la familia Soliani, con Eduardo y Alicia a la cabeza, abrieron su tercera farmacia en Chascom\u00fas, luego de Alfons\u00edn y Varela (hoy Del Norte), la cual vendieron. Se trata de Malena, que es mucho m\u00e1s que una farmacia para <a class=\"more-link\" href=\"https:\/\/colfarma.info\/colfarchascomus\/farmacia-malena\/\">Leer m\u00e1s &#8230;<\/a><\/p>\n","protected":false},"author":4,"featured_media":703,"comment_status":"closed","ping_status":"closed","sticky":false,"template":"","format":"standard","meta":{"footnotes":""},"categories":[1],"tags":[],"class_list":["post-701","post","type-post","status-publish","format-standard","has-post-thumbnail","hentry","category-uncategorized"],"_links":{"self":[{"href":"https:\/\/colfarma.info\/colfarchascomus\/wp-json\/wp\/v2\/posts\/701","targetHints":{"allow":["GET"]}}],"collection":[{"href":"https:\/\/colfarma.info\/colfarchascomus\/wp-json\/wp\/v2\/posts"}],"about":[{"href":"https:\/\/colfarma.info\/colfarchascomus\/wp-json\/wp\/v2\/types\/post"}],"author":[{"embeddable":true,"href":"https:\/\/colfarma.info\/colfarchascomus\/wp-json\/wp\/v2\/users\/4"}],"replies":[{"embeddable":true,"href":"https:\/\/colfarma.info\/colfarchascomus\/wp-json\/wp\/v2\/comments?post=701"}],"version-history":[{"count":1,"href":"https:\/\/colfarma.info\/colfarchascomus\/wp-json\/wp\/v2\/posts\/701\/revisions"}],"predecessor-version":[{"id":709,"href":"https:\/\/colfarma.info\/colfarchascomus\/wp-json\/wp\/v2\/posts\/701\/revisions\/709"}],"wp:featuredmedia":[{"embeddable":true,"href":"https:\/\/colfarma.info\/colfarchascomus\/wp-json\/wp\/v2\/media\/703"}],"wp:attachment":[{"href":"https:\/\/colfarma.info\/colfarchascomus\/wp-json\/wp\/v2\/media?parent=701"}],"wp:term":[{"taxonomy":"category","embeddable":true,"href":"https:\/\/colfarma.info\/colfarchascomus\/wp-json\/wp\/v2\/categories?post=701"},{"taxonomy":"post_tag","embeddable":true,"href":"https:\/\/colfarma.info\/colfarchascomus\/wp-json\/wp\/v2\/tags?post=701"}],"curies":[{"name":"wp","href":"https:\/\/api.w.org\/{rel}","templated":true}]}}