{"id":435,"date":"2018-10-19T14:46:57","date_gmt":"2018-10-19T14:46:57","guid":{"rendered":"http:\/\/colfarma.info\/colfarchascomus\/?p=435"},"modified":"2018-10-19T14:49:51","modified_gmt":"2018-10-19T14:49:51","slug":"19-de-octubre-dia-internacional-de-la-lucha-contra-el-cancer-de-mama","status":"publish","type":"post","link":"https:\/\/colfarma.info\/colfarchascomus\/19-de-octubre-dia-internacional-de-la-lucha-contra-el-cancer-de-mama\/","title":{"rendered":"19 DE OCTUBRE D\u00cdA INTERNACIONAL DE LA LUCHA CONTRA EL C\u00c1NCER DE MAMA"},"content":{"rendered":"<p>&nbsp;<\/p>\n<p>El D\u00eda Internacional de la Lucha contra el C\u00e1ncer de Mama se celebra el 19 de octubre por iniciativa de la Organizaci\u00f3n Mundial de la Salud, con el objetivo de crear conciencia y promover que cada vez m\u00e1s mujeres accedan a controles, diagn\u00f3sticos y tratamientos oportunos y efectivos.<\/p>\n<div style=\"width: 780px;\" class=\"wp-video\"><video class=\"wp-video-shortcode\" id=\"video-435-1\" width=\"780\" height=\"439\" preload=\"metadata\" controls=\"controls\"><source type=\"video\/mp4\" src=\"http:\/\/colfarma.info\/colfarchascomus\/wp-content\/uploads\/2018\/10\/cancer-de-mamas-ok.mp4?_=1\" \/><a href=\"http:\/\/colfarma.info\/colfarchascomus\/wp-content\/uploads\/2018\/10\/cancer-de-mamas-ok.mp4\">http:\/\/colfarma.info\/colfarchascomus\/wp-content\/uploads\/2018\/10\/cancer-de-mamas-ok.mp4<\/a><\/video><\/div>\n<h2><span style=\"color: #ff00ff;\"><strong>ARGENTINA<\/strong><\/span><\/h2>\n<p>*16 a 20.000 casos nuevos y 5.000 muertes por a\u00f1o.<br \/>\n* Es la primera causa de muerte en mujeres de 35 a 70 a\u00f1os por c\u00e1ncer (20\/100.000).<br \/>\n*Es la segunda causa de muerte en el orden general, luego de las enfermedades cardiovasculares.<\/p>\n<p>*1 de cada 8 mujeres tendr\u00e1 c\u00e1ncer de mama a lo largo de su vida, si vive hasta los 80 a\u00f1os de edad.<\/p>\n<p>*El pron\u00f3stico est\u00e1 estrechamente ligado al momento de la detecci\u00f3n.<br \/>\n*El tratamiento temprano puede disminuir la complejidad de las terap\u00e9uticas.<\/p>\n<h2><span style=\"color: #ff00ff;\"><strong>CHASCOM\u00daS<\/strong><\/span><\/h2>\n<p><strong>*Es importante destacar que el c\u00e1ncer de mama en Chascom\u00fas es la tercera causa de muertes por tumores<\/strong> cuando se analizan causas espec\u00edficas para ambos sexos, y la primera causa de \u00f3bito por tumores en mujeres.<\/p>\n<p>*TANTO EL HOSPITAL MUNICIPAL COMO EN EL SECTOR PRIVADO SE PUEDEN REALIZAR MAMOGRAFIAS Y ECOGRAFIAS MAMARIAS.<\/p>\n<h2><span style=\"color: #ff00ff;\"><strong>FACTORES DE RIESGO<\/strong><\/span><\/h2>\n<p><strong>*NO Modificables<\/strong><br \/>\nEdad (m\u00e1s frecuente a partir de los 55 a\u00f1os).<br \/>\nSexo (casi exclusivo del sexo femenino, el c\u00e1ncer de mama en el hombre representa menos del 1%).<br \/>\nAntecedentes familiares.<\/p>\n<p><strong>*Modificables<\/strong><br \/>\nSobrepeso<br \/>\nSedentarismo<br \/>\nAlcohol<br \/>\nTabaco<\/p>\n<h2><span style=\"color: #ff00ff;\"><strong>RECOMENDACIONES<\/strong><\/span><\/h2>\n<p>*<strong>AUTOEXAMEN MAMARIO MENSUAL<\/strong>: A partir de los 20 a\u00f1os, una vez por mes. El mejor momento para realizarlo es de 7 a 10 d\u00edas despu\u00e9s del comienzo del ciclo menstrual, cuando las mamas est\u00e1n menos tensas.<\/p>\n<p>*<strong>EXAMEN CLINICO MAMARIO<\/strong>: Anualmente por m\u00e9dico especialista.<\/p>\n<p><img loading=\"lazy\" decoding=\"async\" class=\"aligncenter wp-image-436 size-full\" src=\"http:\/\/colfarma.info\/colfarchascomus\/wp-content\/uploads\/2018\/10\/Cancer-de-mamas-1.jpg\" alt=\"\" width=\"2099\" height=\"1139\" srcset=\"https:\/\/colfarma.info\/colfarchascomus\/wp-content\/uploads\/2018\/10\/Cancer-de-mamas-1.jpg 2099w, https:\/\/colfarma.info\/colfarchascomus\/wp-content\/uploads\/2018\/10\/Cancer-de-mamas-1-300x163.jpg 300w, https:\/\/colfarma.info\/colfarchascomus\/wp-content\/uploads\/2018\/10\/Cancer-de-mamas-1-768x417.jpg 768w, https:\/\/colfarma.info\/colfarchascomus\/wp-content\/uploads\/2018\/10\/Cancer-de-mamas-1-1024x556.jpg 1024w\" sizes=\"auto, (max-width: 2099px) 100vw, 2099px\" \/><\/p>\n<p>&nbsp;<\/p>\n<h2><span style=\"color: #ff00ff;\"><strong>MITOS Y VERDADES<\/strong><\/span><\/h2>\n<p><strong>*La mamograf\u00eda es dolorosa?<\/strong> No. Algunas mujeres con mamas sensibles pueden experimentar incomodidad pero no dolor.<\/p>\n<p><strong>*La mamograf\u00eda produce c\u00e1ncer?<\/strong> La dosis de radiaci\u00f3n que se utiliza en una mamograf\u00eda son muy bajas y no producen c\u00e1ncer de mama ni de ning\u00fan otro \u00f3rgano.<\/p>\n<p><strong>*Los implantes mamarios pueden provocar c\u00e1ncer o aumentar el riesgo de desarrollarlo?<\/strong> La relaci\u00f3n entre c\u00e1ncer de mama y pr\u00f3tesis mamarias ha sida tema de estudio de investigaci\u00f3n, no existe cient\u00edficamente una relaci\u00f3n de causa y efecto de pr\u00f3tesis mamarias y c\u00e1ncer de mama (toda paciente que va a ser sometida a una cirug\u00eda de colocaci\u00f3n de implantes mamarios debe realizar estudios mamarios complementarios).<\/p>\n<p><strong>*Se puede realizar mamograf\u00eda en pacientes con implantes mamarios?<\/strong> S\u00ed, se realiza una t\u00e9cnica especial que se llama maniobra de Eklund.<\/p>\n<p>*La biopsia mamaria, no tiene relaci\u00f3n con la diseminaci\u00f3n del c\u00e1ncer de mama.<\/p>\n<p>*N\u00f3dulo no es sin\u00f3nimo de c\u00e1ncer, la mayor\u00eda de los n\u00f3dulos son benignos.<\/p>\n<p>*Sino tengo antecedentes no puedo desarrollar c\u00e1ncer de mama? El 85% de los canceres de mama son espor\u00e1dicos. Esto quiere decir que la mayor\u00eda de las pacientes que tienen la enfermedad no presentan antecedentes.<\/p>\n<p>*Tener hijos antes de los 30 a\u00f1os y la LACTANCIA MATERNA disminuyen el riesgo.<\/p>\n<p>*El uso de anticonceptivos orales de \u00faltima generaci\u00f3n con m\u00ednima dosis no aumenta el riesgo.<\/p>\n<p>*No hay sustento cient\u00edfico sobre el uso de antitranspirantes y el mayor riesgo de c\u00e1ncer de mama.<\/p>\n<p>*El uso de corpi\u00f1o independientemente de si tiene o no aro, no aumenta el riesgo de c\u00e1ncer de mama.<\/p>\n<p><strong>Dra. Chiaramondia Micaela<\/strong><br \/>\n<strong>Cirujana gral. (UNLP)<\/strong><br \/>\n<strong>MASTOLOGA<\/strong><br \/>\n<strong>Sociedad Argentina Mastologia<\/strong><br \/>\n<strong>MN 133024 MP116698<\/strong><\/p>\n","protected":false},"excerpt":{"rendered":"<p>&nbsp; El D\u00eda Internacional de la Lucha contra el C\u00e1ncer de Mama se celebra el 19 de octubre por iniciativa de la Organizaci\u00f3n Mundial de la Salud, con el objetivo de crear conciencia y promover que cada vez m\u00e1s mujeres accedan a controles, diagn\u00f3sticos y tratamientos oportunos y efectivos. ARGENTINA *16 a 20.000 casos nuevos <a class=\"more-link\" href=\"https:\/\/colfarma.info\/colfarchascomus\/19-de-octubre-dia-internacional-de-la-lucha-contra-el-cancer-de-mama\/\">Leer m\u00e1s &#8230;<\/a><\/p>\n","protected":false},"author":4,"featured_media":437,"comment_status":"closed","ping_status":"closed","sticky":false,"template":"","format":"standard","meta":{"footnotes":""},"categories":[1],"tags":[],"class_list":["post-435","post","type-post","status-publish","format-standard","has-post-thumbnail","hentry","category-uncategorized"],"_links":{"self":[{"href":"https:\/\/colfarma.info\/colfarchascomus\/wp-json\/wp\/v2\/posts\/435","targetHints":{"allow":["GET"]}}],"collection":[{"href":"https:\/\/colfarma.info\/colfarchascomus\/wp-json\/wp\/v2\/posts"}],"about":[{"href":"https:\/\/colfarma.info\/colfarchascomus\/wp-json\/wp\/v2\/types\/post"}],"author":[{"embeddable":true,"href":"https:\/\/colfarma.info\/colfarchascomus\/wp-json\/wp\/v2\/users\/4"}],"replies":[{"embeddable":true,"href":"https:\/\/colfarma.info\/colfarchascomus\/wp-json\/wp\/v2\/comments?post=435"}],"version-history":[{"count":3,"href":"https:\/\/colfarma.info\/colfarchascomus\/wp-json\/wp\/v2\/posts\/435\/revisions"}],"predecessor-version":[{"id":441,"href":"https:\/\/colfarma.info\/colfarchascomus\/wp-json\/wp\/v2\/posts\/435\/revisions\/441"}],"wp:featuredmedia":[{"embeddable":true,"href":"https:\/\/colfarma.info\/colfarchascomus\/wp-json\/wp\/v2\/media\/437"}],"wp:attachment":[{"href":"https:\/\/colfarma.info\/colfarchascomus\/wp-json\/wp\/v2\/media?parent=435"}],"wp:term":[{"taxonomy":"category","embeddable":true,"href":"https:\/\/colfarma.info\/colfarchascomus\/wp-json\/wp\/v2\/categories?post=435"},{"taxonomy":"post_tag","embeddable":true,"href":"https:\/\/colfarma.info\/colfarchascomus\/wp-json\/wp\/v2\/tags?post=435"}],"curies":[{"name":"wp","href":"https:\/\/api.w.org\/{rel}","templated":true}]}}