{"id":413,"date":"2018-09-14T12:28:15","date_gmt":"2018-09-14T12:28:15","guid":{"rendered":"http:\/\/colfarma.info\/colfarchascomus\/?p=413"},"modified":"2018-09-14T12:28:15","modified_gmt":"2018-09-14T12:28:15","slug":"413-2","status":"publish","type":"post","link":"https:\/\/colfarma.info\/colfarchascomus\/413-2\/","title":{"rendered":""},"content":{"rendered":"<p>&nbsp;<\/p>\n<p><span style=\"font-weight: 400;\">Debido a que no se lleg\u00f3 a ning\u00fan acuerdo en la reuni\u00f3n realizada en el d\u00eda de ayer entre las entidades farmac\u00e9uticas y PAMI, y tras el pedido de un plazo adicional de 15 d\u00edas por parte de la obra social para acordar, las farmacias de Chascom\u00fas nos vemos en la obligaci\u00f3n de suspender la prestaci\u00f3n a los afiliados desde hoy viernes 14 de septiembre hasta el pr\u00f3ximo martes 18 inclusive. <\/span><\/p>\n<p><span style=\"font-weight: 400;\">Los <\/span><b>Precios PAM<\/b><span style=\"font-weight: 400;\">I, acordados entre la obra social y las entidades farmac\u00e9uticas en marzo pasado, \u00a0se establecieron en base una inflaci\u00f3n anual prevista del 15% y adem\u00e1s PAMI le debe 1.100 millones de peso a las farmacias. Debido a las circunstancias actuales y la situaci\u00f3n econ\u00f3mica del pa\u00eds, las farmacias chicas ya no tienen cr\u00e9dito para seguir financiando el servicio.<\/span><\/p>\n<p>&nbsp;<\/p>\n<p><img loading=\"lazy\" decoding=\"async\" class=\"aligncenter wp-image-414 size-full\" src=\"http:\/\/colfarma.info\/colfarchascomus\/wp-content\/uploads\/2018\/09\/pami-1.png\" alt=\"\" width=\"940\" height=\"788\" srcset=\"https:\/\/colfarma.info\/colfarchascomus\/wp-content\/uploads\/2018\/09\/pami-1.png 940w, https:\/\/colfarma.info\/colfarchascomus\/wp-content\/uploads\/2018\/09\/pami-1-300x251.png 300w, https:\/\/colfarma.info\/colfarchascomus\/wp-content\/uploads\/2018\/09\/pami-1-768x644.png 768w\" sizes=\"auto, (max-width: 940px) 100vw, 940px\" \/><\/p>\n","protected":false},"excerpt":{"rendered":"<p>&nbsp; Debido a que no se lleg\u00f3 a ning\u00fan acuerdo en la reuni\u00f3n realizada en el d\u00eda de ayer entre las entidades farmac\u00e9uticas y PAMI, y tras el pedido de un plazo adicional de 15 d\u00edas por parte de la obra social para acordar, las farmacias de Chascom\u00fas nos vemos en la obligaci\u00f3n de suspender <a class=\"more-link\" href=\"https:\/\/colfarma.info\/colfarchascomus\/413-2\/\">Leer m\u00e1s &#8230;<\/a><\/p>\n","protected":false},"author":4,"featured_media":274,"comment_status":"closed","ping_status":"closed","sticky":false,"template":"","format":"standard","meta":{"footnotes":""},"categories":[1],"tags":[],"class_list":["post-413","post","type-post","status-publish","format-standard","has-post-thumbnail","hentry","category-uncategorized"],"_links":{"self":[{"href":"https:\/\/colfarma.info\/colfarchascomus\/wp-json\/wp\/v2\/posts\/413","targetHints":{"allow":["GET"]}}],"collection":[{"href":"https:\/\/colfarma.info\/colfarchascomus\/wp-json\/wp\/v2\/posts"}],"about":[{"href":"https:\/\/colfarma.info\/colfarchascomus\/wp-json\/wp\/v2\/types\/post"}],"author":[{"embeddable":true,"href":"https:\/\/colfarma.info\/colfarchascomus\/wp-json\/wp\/v2\/users\/4"}],"replies":[{"embeddable":true,"href":"https:\/\/colfarma.info\/colfarchascomus\/wp-json\/wp\/v2\/comments?post=413"}],"version-history":[{"count":1,"href":"https:\/\/colfarma.info\/colfarchascomus\/wp-json\/wp\/v2\/posts\/413\/revisions"}],"predecessor-version":[{"id":415,"href":"https:\/\/colfarma.info\/colfarchascomus\/wp-json\/wp\/v2\/posts\/413\/revisions\/415"}],"wp:featuredmedia":[{"embeddable":true,"href":"https:\/\/colfarma.info\/colfarchascomus\/wp-json\/wp\/v2\/media\/274"}],"wp:attachment":[{"href":"https:\/\/colfarma.info\/colfarchascomus\/wp-json\/wp\/v2\/media?parent=413"}],"wp:term":[{"taxonomy":"category","embeddable":true,"href":"https:\/\/colfarma.info\/colfarchascomus\/wp-json\/wp\/v2\/categories?post=413"},{"taxonomy":"post_tag","embeddable":true,"href":"https:\/\/colfarma.info\/colfarchascomus\/wp-json\/wp\/v2\/tags?post=413"}],"curies":[{"name":"wp","href":"https:\/\/api.w.org\/{rel}","templated":true}]}}