{"id":120,"date":"2018-01-02T20:29:35","date_gmt":"2018-01-02T20:29:35","guid":{"rendered":"http:\/\/colfarma.info\/colfarchascomus\/?p=120"},"modified":"2018-01-03T13:30:41","modified_gmt":"2018-01-03T13:30:41","slug":"165-anos-de-la-primera-farmacia-de-la-provincia-de-buenos-aires","status":"publish","type":"post","link":"https:\/\/colfarma.info\/colfarchascomus\/165-anos-de-la-primera-farmacia-de-la-provincia-de-buenos-aires\/","title":{"rendered":"165 A\u00d1OS DE LA PRIMERA FARMACIA DE LA PROVINCIA DE BUENOS AIRES"},"content":{"rendered":"<p>&nbsp;<\/p>\n<p><img loading=\"lazy\" decoding=\"async\" class=\"aligncenter wp-image-126\" src=\"http:\/\/colfarma.info\/colfarchascomus\/wp-content\/uploads\/2018\/01\/Bring-your-used-books-for-our-2-724x1024.png\" alt=\"\" width=\"500\" height=\"707\" srcset=\"https:\/\/colfarma.info\/colfarchascomus\/wp-content\/uploads\/2018\/01\/Bring-your-used-books-for-our-2-724x1024.png 724w, https:\/\/colfarma.info\/colfarchascomus\/wp-content\/uploads\/2018\/01\/Bring-your-used-books-for-our-2-212x300.png 212w, https:\/\/colfarma.info\/colfarchascomus\/wp-content\/uploads\/2018\/01\/Bring-your-used-books-for-our-2-768x1086.png 768w, https:\/\/colfarma.info\/colfarchascomus\/wp-content\/uploads\/2018\/01\/Bring-your-used-books-for-our-2.png 1588w\" sizes=\"auto, (max-width: 500px) 100vw, 500px\" \/><\/p>\n<p><span style=\"font-weight: 400;\">En medio de una pelea que parec\u00eda ganada ante la empresa Farmacity, que el gobierno actual pone en duda pese a los fallos reiterados de la justicia bonaerense, cabe rescatar una historia: hace 165 a\u00f1os, el 6 de agosto de 1852, abr\u00eda la primera farmacia de la provincia de Buenos Aires,<\/span> <span style=\"font-weight: 400;\">ubicada en la ciudad de Chascom\u00fas. \u00a0\u00a0Un modelo de farmacia m\u00e1s cercano al que defiende hoy el Colegio de Farmac\u00e9uticos de la Provincia de Buenos Aires en el medio de la lucha para que no se derogue la ley 10.606, que regula el establecimiento de farmacias en la provincia y las considera como una extensi\u00f3n del sistema de salud. <\/span><\/p>\n<p><span style=\"font-weight: 400;\">Se trata de FARMACIA ARENAZA, la botica de Don Fernando de Arenaza, un inmigrante vasco que lleg\u00f3 prim<\/span><span style=\"font-weight: 400;\">ero a la<\/span><span style=\"font-weight: 400;\"> Ciudad de Buenos Aires, y finalment<\/span><span style=\"font-weight: 400;\">e a <\/span><span style=\"font-weight: 400;\">Chascom\u00fas, donde estableci\u00f3 el primer antecedente de las 4.500 farmacias q<\/span><span style=\"font-weight: 400;\">ue actualmente tiene la provincia de Buenos Aires; ente ellas las 14 farmacias de la Filial de la ciudad de Chascom\u00fas, que tambi\u00e9n incluye a otras 2 de Lezama y 1 de Pila nucleadas por el Colegio de Farmac\u00e9uticos de Chascom\u00fas. <\/span><\/p>\n<p><span style=\"font-weight: 400;\">Luis Ferrari, presidente del Colegio de Farmac\u00e9uticos de Chascom\u00fas, destac\u00f3: <\/span><i><span style=\"font-weight: 400;\">\u201cEs significativo que en este contexto, en el que estamos peleando para proteger un modelo de farmacia como servicio p\u00fablico en vez de que se imponga una modelo comercial que descuide el acceso al medicamento, a la salud, se cumplan 165 a\u00f1os de la primera farmacia de la provincia de Buenos Aires, y que esa farmacia se haya instalado en Chascom\u00fas\u201d.<\/span><\/i><\/p>\n<p><img loading=\"lazy\" decoding=\"async\" class=\"aligncenter wp-image-122 \" src=\"http:\/\/colfarma.info\/colfarchascomus\/wp-content\/uploads\/2018\/01\/love-inall-forms-212x300.png\" alt=\"\" width=\"343\" height=\"486\" srcset=\"https:\/\/colfarma.info\/colfarchascomus\/wp-content\/uploads\/2018\/01\/love-inall-forms-212x300.png 212w, https:\/\/colfarma.info\/colfarchascomus\/wp-content\/uploads\/2018\/01\/love-inall-forms-768x1086.png 768w, https:\/\/colfarma.info\/colfarchascomus\/wp-content\/uploads\/2018\/01\/love-inall-forms-724x1024.png 724w, https:\/\/colfarma.info\/colfarchascomus\/wp-content\/uploads\/2018\/01\/love-inall-forms.png 1588w\" sizes=\"auto, (max-width: 343px) 100vw, 343px\" \/><\/p>\n<p><span style=\"font-weight: 400;\">Seg\u00fan la revista LA BASKONIA, en nota firmada por Ignacio de Otaz\u00faa, de Arenaza era<\/span><i><span style=\"font-weight: 400;\"> \u201cnativo de las Cortes, ayuntamiento de Abanto en el valle de Somorrostro (Espa\u00f1a)\u2026en 1844 pas\u00f3 a estudiar la carrera de farmacia a Portugaleta\u2026en 1851 vino a Buenos Aires, recomendado al se\u00f1or Vicente Casares, el primer c\u00f3nsul de Espa\u00f1a en la Argentina\u2026se gradu\u00f3 de farmac\u00e9utico en el Tribunal de Medicina de Buenos Aires\u2026traslad\u00e1ndose a Chascom\u00fas&#8230;en cuya poblaci\u00f3n residi\u00f3 hasta pocos d\u00edas antes de su enfermedad\u2026.\u201d.<\/span><\/i><\/p>\n<p><span style=\"font-weight: 400;\">La \u00a0FARMACIA ARENAZA estuvo ubicada en calle Cr\u00e1mer 106, donde hoy funciona Club House y donde funcion\u00f3 durante muchos a\u00f1os La Botica, \u00a0aunque previamente funcion\u00f3 en una rancher\u00eda cercana hasta la construcci\u00f3n del edificio aparentemente. Estuvo abierta entre 1852 y 1910 y, de acuerdo a relatos gr\u00e1ficos, <\/span><i><span style=\"font-weight: 400;\">\u201cfue testigo de los cambios de la medicina, desde la f\u00f3rmula magistral hasta la aparici\u00f3n del medicamento espec\u00edfico. Es a comienzo del siglo XX y motivado por un imparable y arrollador proceso de industrializaci\u00f3n, cuando se produce la aparici\u00f3n en el mercado de las especialidades farmac\u00e9uticas, dejando como actividad residual dentro de las boticas la preparaci\u00f3n artesanal del medicamento. Esta circunstancia determin\u00f3 un gran cambio en el aspecto de las farmacias desapareciendo de sus estantes los albarelos, las cajas de madera y dem\u00e1s recipientes destinados a contener medicamentos, con el fin de dejar el sitio libre a las especialidades farmac\u00e9uticas\u201d.<\/span><\/i><\/p>\n<p><img loading=\"lazy\" decoding=\"async\" class=\"aligncenter wp-image-123 size-full\" src=\"http:\/\/colfarma.info\/colfarchascomus\/wp-content\/uploads\/2018\/01\/la-botica-4.jpg\" alt=\"\" width=\"338\" height=\"416\" srcset=\"https:\/\/colfarma.info\/colfarchascomus\/wp-content\/uploads\/2018\/01\/la-botica-4.jpg 338w, https:\/\/colfarma.info\/colfarchascomus\/wp-content\/uploads\/2018\/01\/la-botica-4-244x300.jpg 244w\" sizes=\"auto, (max-width: 338px) 100vw, 338px\" \/><\/p>\n<p><span style=\"font-weight: 400;\">Es que en sus comienzos, en FARMACIA ARENAZA, como el resto de las boticas, <\/span><i><span style=\"font-weight: 400;\">\u201cse dispensaba los medicamentos, se almacenaban los elementos medicinales albergados en diversos recipientes: cajas de madera, botes de loza y porcelana, frascos de cristal, etc, mientras que el laboratorio, instalado en la rebotica y de espaldas al p\u00fablico, era donde se elaboraba el medicamento y, por tanto, en \u00e9l se encontraba \u00a0todo el utillaje necesario para esta actividad: destiladores, matraces, retortas, moteros, balanzas, pildoreros, etc&#8230;pero adem\u00e1s las boticas eran lugares de reuni\u00f3n, de tertulias tradicionales, donde el m\u00e9dico, el sacerdote, el pol\u00edtico, el artista se un\u00edan en interminables charlas, muchas de las cuales dieron origen a sociedades cient\u00edficas y literarias\u201d.<\/span><\/i><\/p>\n<p><span style=\"font-weight: 400;\">En tal sentido, en trabajo escolar realizado m\u00e1s de 30 a\u00f1os atr\u00e1s por la tataranieta de quien fuera c\u00f3nsul de Espa\u00f1a en Chascom\u00fas durante 22 a\u00f1os e hiciera de mediador junto a Don Juli\u00e1n Quintana en la Revoluci\u00f3n de 1893, Paula de Arenaza, puntualiz\u00f3 que <\/span><i><span style=\"font-weight: 400;\">\u201cen 1902, al cumplir a\u00f1os (50), Fernando de Arenaza lo festej\u00f3 a la usanza de entonces: hizo repartir carne y pan a los pobres y don\u00f3 una vaca carneada y galleta para los hu\u00e9rfanos de El Recreo; adem\u00e1s el d\u00eda del aniversario prepar\u00f3 todas las recetas gratis, y fue efusivamente felicitado. Esta farmacia, a\u00f1os despu\u00e9s, estuvo a cargo de Juan Sagastume, poseedor del t\u00edtulo de qu\u00edmico farmac\u00e9utico\u2026\u201d.<\/span><\/i><\/p>\n<p><span style=\"font-weight: 400;\">Josi Redruello, fue el arquitecto de Chascom\u00fas responsable de la restauraci\u00f3n del edificio denominado La Botica, donde hoy funciona el pub Club House, y antes FARMACIA ARENAZA, pero que tambi\u00e9n \u00a0supo ser \u00a0la fonda Don Cantino, un hotel y la muebler\u00eda La Econ\u00f3mica. Cont\u00f3 algunos detalles de los elementos que se encontraron en la labor encargada por los actuales due\u00f1os del lugar, el matrimonio Carlos y Elisa Calzadilla.<\/span><\/p>\n<p><i><span style=\"font-weight: 400;\">\u201cEn la fachada encontramos un mont\u00f3n de im\u00e1genes, que tiene que ver con que el boticario de Arenaza era mas\u00f3n. Est\u00e1n todos los elementos pegados en la fachada. Ten\u00e9s el \u00e1guila, \u00a0v\u00edbora, el tri\u00e1ngulo, el martillo, las escuadras, y una imagen que es un tipo muy severo, con cuernitos, que no era un demonio, sino que se relacionaba con la virilidad\u201d<\/span><\/i><span style=\"font-weight: 400;\">, asegur\u00f3 el restaurador.<\/span><\/p>\n<p><img loading=\"lazy\" decoding=\"async\" class=\"aligncenter wp-image-124 size-full\" src=\"http:\/\/colfarma.info\/colfarchascomus\/wp-content\/uploads\/2018\/01\/la-botica-5.jpg\" alt=\"\" width=\"465\" height=\"347\" srcset=\"https:\/\/colfarma.info\/colfarchascomus\/wp-content\/uploads\/2018\/01\/la-botica-5.jpg 465w, https:\/\/colfarma.info\/colfarchascomus\/wp-content\/uploads\/2018\/01\/la-botica-5-300x224.jpg 300w\" sizes=\"auto, (max-width: 465px) 100vw, 465px\" \/><\/p>\n<p><span style=\"font-weight: 400;\">\u201cNo encontramos muchos elementos que permitieran dar cuenta que ah\u00ed hab\u00eda habido una farmacia, porque despu\u00e9s pasaron muchos cosas m\u00e1s, hubo muchos a\u00f1os una carpinter\u00eda, una fonda, etc. Toda la parte delantera se reconstruy\u00f3 igual a las fotos y lo que estuvimos investigando, y el piso es el original\u201d, agreg\u00f3 el arquitecto Redruello.<\/span><\/p>\n<p><span style=\"font-weight: 400;\">En definitiva, de esta manera, dos siglos atr\u00e1s y en Chascom\u00fas, las farmacias bonaerenses comenzaron un camino de servicio p\u00fablico dentro del sistema de salud, hoy en riesgo por un negocio, en este caso de medicamentos, que tiene como \u00fanico fin dar ganancia.<\/span><\/p>\n<p>&nbsp;<\/p>\n<p>&nbsp;<\/p>\n<p>&nbsp;<\/p>\n<pre><span style=\"font-weight: 400;\">Fuentes: \r\nRevista La Baskonia<\/span>\r\n\r\n<span style=\"font-weight: 400;\">Diario El Argentino<\/span>\r\n\r\n<span style=\"font-weight: 400;\">Trabajo de Paula de Arenaza, basado en la siguientes fuentes: libros Chascom\u00fas entre dos siglos 1873-1917 (Alicia Lahourcade; 1980), Album de Chascom\u00fas (Rodolfo Doscasberro; 1929) y Hombres y Hechos (Juan Luzian); Flia de Arenaza, Casa de Casco, Museo Pampeano, Srta de Lagoria y Sociedad Espa\u00f1ola.<\/span>\r\n\r\nEntrevista a Josi Redruello, Babi Bosatta y actuales due\u00f1os del edificio\u00a0<span style=\"font-weight: 400;\">Carlos y Elisa Calzadilla.<\/span>\r\n\r\n<\/pre>\n","protected":false},"excerpt":{"rendered":"<p>&nbsp; En medio de una pelea que parec\u00eda ganada ante la empresa Farmacity, que el gobierno actual pone en duda pese a los fallos reiterados de la justicia bonaerense, cabe rescatar una historia: hace 165 a\u00f1os, el 6 de agosto de 1852, abr\u00eda la primera farmacia de la provincia de Buenos Aires, ubicada en la <a class=\"more-link\" href=\"https:\/\/colfarma.info\/colfarchascomus\/165-anos-de-la-primera-farmacia-de-la-provincia-de-buenos-aires\/\">Leer m\u00e1s &#8230;<\/a><\/p>\n","protected":false},"author":4,"featured_media":122,"comment_status":"closed","ping_status":"closed","sticky":false,"template":"","format":"standard","meta":{"footnotes":""},"categories":[1],"tags":[],"class_list":["post-120","post","type-post","status-publish","format-standard","has-post-thumbnail","hentry","category-uncategorized"],"_links":{"self":[{"href":"https:\/\/colfarma.info\/colfarchascomus\/wp-json\/wp\/v2\/posts\/120","targetHints":{"allow":["GET"]}}],"collection":[{"href":"https:\/\/colfarma.info\/colfarchascomus\/wp-json\/wp\/v2\/posts"}],"about":[{"href":"https:\/\/colfarma.info\/colfarchascomus\/wp-json\/wp\/v2\/types\/post"}],"author":[{"embeddable":true,"href":"https:\/\/colfarma.info\/colfarchascomus\/wp-json\/wp\/v2\/users\/4"}],"replies":[{"embeddable":true,"href":"https:\/\/colfarma.info\/colfarchascomus\/wp-json\/wp\/v2\/comments?post=120"}],"version-history":[{"count":4,"href":"https:\/\/colfarma.info\/colfarchascomus\/wp-json\/wp\/v2\/posts\/120\/revisions"}],"predecessor-version":[{"id":134,"href":"https:\/\/colfarma.info\/colfarchascomus\/wp-json\/wp\/v2\/posts\/120\/revisions\/134"}],"wp:featuredmedia":[{"embeddable":true,"href":"https:\/\/colfarma.info\/colfarchascomus\/wp-json\/wp\/v2\/media\/122"}],"wp:attachment":[{"href":"https:\/\/colfarma.info\/colfarchascomus\/wp-json\/wp\/v2\/media?parent=120"}],"wp:term":[{"taxonomy":"category","embeddable":true,"href":"https:\/\/colfarma.info\/colfarchascomus\/wp-json\/wp\/v2\/categories?post=120"},{"taxonomy":"post_tag","embeddable":true,"href":"https:\/\/colfarma.info\/colfarchascomus\/wp-json\/wp\/v2\/tags?post=120"}],"curies":[{"name":"wp","href":"https:\/\/api.w.org\/{rel}","templated":true}]}}