{"id":3061,"date":"2018-09-10T20:25:59","date_gmt":"2018-09-10T23:25:59","guid":{"rendered":"http:\/\/colfarma.info\/colfarmasanisidro\/?p=3061"},"modified":"2018-09-10T20:29:03","modified_gmt":"2018-09-10T23:29:03","slug":"atencion-convenio-de-pami","status":"publish","type":"post","link":"http:\/\/colfarma.info\/colfarmasanisidro\/2018\/09\/10\/atencion-convenio-de-pami\/","title":{"rendered":"ATENCI\u00d3N: CONVENIO DE PAMI"},"content":{"rendered":"<p><img fetchpriority=\"high\" decoding=\"async\" class=\"alignnone size-full wp-image-3063\" src=\"http:\/\/colfarma.info\/colfarmasanisidro\/wp-content\/uploads\/2018\/09\/WhatsApp-Image-2018-09-10-at-19.58.47_01.jpg\" alt=\"\" width=\"840\" height=\"135\" srcset=\"http:\/\/colfarma.info\/colfarmasanisidro\/wp-content\/uploads\/2018\/09\/WhatsApp-Image-2018-09-10-at-19.58.47_01.jpg 840w, http:\/\/colfarma.info\/colfarmasanisidro\/wp-content\/uploads\/2018\/09\/WhatsApp-Image-2018-09-10-at-19.58.47_01-300x48.jpg 300w, http:\/\/colfarma.info\/colfarmasanisidro\/wp-content\/uploads\/2018\/09\/WhatsApp-Image-2018-09-10-at-19.58.47_01-768x123.jpg 768w, http:\/\/colfarma.info\/colfarmasanisidro\/wp-content\/uploads\/2018\/09\/WhatsApp-Image-2018-09-10-at-19.58.47_01-624x100.jpg 624w\" sizes=\"(max-width: 840px) 100vw, 840px\" \/><\/p>\n<p>Noticias importantes sobre le\u00a0<strong>convenio PAMI\/Medicamentos:<\/strong><\/p>\n<ol>\n<li>En estos momentos se est\u00e1 realizando una\u00a0<strong>reuni\u00f3n de emergencias en PAMI para evaluar la situaci\u00f3n\u00a0<\/strong>que afecta a las farmacias.<\/li>\n<li>En respuesta al reclamo farmac\u00e9utico realizado la semana pasada\u00a0<strong>ma\u00f1ana martes 11 de Septiembre se formalizar\u00e1 una propuesta\u00a0<\/strong>de la Industria Farmac\u00e9utica para saldar la deuda que mantiene con las farmacias.<br \/>\nLas autoridades farmac\u00e9uticas ya adelantaron que\u00a0<strong>solamente aceptar\u00e1n cobrar en un s\u00f3lo pago\u00a0<\/strong>en el corto plazo.<\/li>\n<li>Desde la Obra Social ya confirmaron que el\u00a0<strong>jueves 13 de septiembre a las 11 horas se realizar\u00e1 la reuni\u00f3n entre las autoridades de PAMI,\u00a0<\/strong>los representantes de la Industria y las entidades farmac\u00e9uticas en vistas de un nuevo convenio PAMI\/Medicamentos para comenzar la renegociaci\u00f3n del acuerdo rescindido por las c\u00e1maras de la Industria Farmac\u00e9utica por el cambio dram\u00e1tico de los par\u00e1metros econ\u00f3micos con los cuales se firm\u00f3 el convenio actual.<\/li>\n<li>Pedimos a las farmacias el\u00a0<strong>aplazamiento de la medida preventiva propuesta por las entidades\u00a0<\/strong>a la espera de una soluci\u00f3n aceptable para el sector y en salvaguarda de nuestros pacientes afiliados a PAMI.<\/li>\n<\/ol>\n<p><strong>Luego de la reuni\u00f3n del jueves 13 en la sede del PAMI volveremos a evaluar la aplicaci\u00f3n de la medida ya comunicada.<\/strong><\/p>\n<p><img decoding=\"async\" class=\"alignnone size-full wp-image-3064\" src=\"http:\/\/colfarma.info\/colfarmasanisidro\/wp-content\/uploads\/2018\/09\/WhatsApp-Image-2018-09-10-at-19.58.47_02.jpg\" alt=\"\" width=\"840\" height=\"273\" srcset=\"http:\/\/colfarma.info\/colfarmasanisidro\/wp-content\/uploads\/2018\/09\/WhatsApp-Image-2018-09-10-at-19.58.47_02.jpg 840w, http:\/\/colfarma.info\/colfarmasanisidro\/wp-content\/uploads\/2018\/09\/WhatsApp-Image-2018-09-10-at-19.58.47_02-300x98.jpg 300w, http:\/\/colfarma.info\/colfarmasanisidro\/wp-content\/uploads\/2018\/09\/WhatsApp-Image-2018-09-10-at-19.58.47_02-768x250.jpg 768w, http:\/\/colfarma.info\/colfarmasanisidro\/wp-content\/uploads\/2018\/09\/WhatsApp-Image-2018-09-10-at-19.58.47_02-624x203.jpg 624w\" sizes=\"(max-width: 840px) 100vw, 840px\" \/><\/p>\n","protected":false},"excerpt":{"rendered":"<p>Noticias importantes sobre le\u00a0convenio PAMI\/Medicamentos: En estos momentos se est\u00e1 realizando una\u00a0reuni\u00f3n de emergencias en PAMI para evaluar la situaci\u00f3n\u00a0que afecta a las farmacias. En respuesta al reclamo farmac\u00e9utico realizado la semana pasada\u00a0ma\u00f1ana martes 11 de Septiembre se formalizar\u00e1 una propuesta\u00a0de la Industria Farmac\u00e9utica para saldar la deuda que mantiene con las farmacias. Las autoridades [&hellip;]<\/p>\n","protected":false},"author":2,"featured_media":3067,"comment_status":"closed","ping_status":"open","sticky":false,"template":"","format":"standard","meta":{"site-sidebar-layout":"default","site-content-layout":"","ast-site-content-layout":"default","site-content-style":"default","site-sidebar-style":"default","ast-global-header-display":"","ast-banner-title-visibility":"","ast-main-header-display":"","ast-hfb-above-header-display":"","ast-hfb-below-header-display":"","ast-hfb-mobile-header-display":"","site-post-title":"","ast-breadcrumbs-content":"","ast-featured-img":"","footer-sml-layout":"","ast-disable-related-posts":"","theme-transparent-header-meta":"","adv-header-id-meta":"","stick-header-meta":"","header-above-stick-meta":"","header-main-stick-meta":"","header-below-stick-meta":"","astra-migrate-meta-layouts":"default","ast-page-background-enabled":"default","ast-page-background-meta":{"desktop":{"background-color":"var(--ast-global-color-4)","background-image":"","background-repeat":"repeat","background-position":"center center","background-size":"auto","background-attachment":"scroll","background-type":"","background-media":"","overlay-type":"","overlay-color":"","overlay-opacity":"","overlay-gradient":""},"tablet":{"background-color":"","background-image":"","background-repeat":"repeat","background-position":"center center","background-size":"auto","background-attachment":"scroll","background-type":"","background-media":"","overlay-type":"","overlay-color":"","overlay-opacity":"","overlay-gradient":""},"mobile":{"background-color":"","background-image":"","background-repeat":"repeat","background-position":"center center","background-size":"auto","background-attachment":"scroll","background-type":"","background-media":"","overlay-type":"","overlay-color":"","overlay-opacity":"","overlay-gradient":""}},"ast-content-background-meta":{"desktop":{"background-color":"var(--ast-global-color-5)","background-image":"","background-repeat":"repeat","background-position":"center center","background-size":"auto","background-attachment":"scroll","background-type":"","background-media":"","overlay-type":"","overlay-color":"","overlay-opacity":"","overlay-gradient":""},"tablet":{"background-color":"var(--ast-global-color-5)","background-image":"","background-repeat":"repeat","background-position":"center center","background-size":"auto","background-attachment":"scroll","background-type":"","background-media":"","overlay-type":"","overlay-color":"","overlay-opacity":"","overlay-gradient":""},"mobile":{"background-color":"var(--ast-global-color-5)","background-image":"","background-repeat":"repeat","background-position":"center center","background-size":"auto","background-attachment":"scroll","background-type":"","background-media":"","overlay-type":"","overlay-color":"","overlay-opacity":"","overlay-gradient":""}},"footnotes":""},"categories":[1],"tags":[],"class_list":["post-3061","post","type-post","status-publish","format-standard","has-post-thumbnail","hentry","category-noticias"],"_links":{"self":[{"href":"http:\/\/colfarma.info\/colfarmasanisidro\/wp-json\/wp\/v2\/posts\/3061","targetHints":{"allow":["GET"]}}],"collection":[{"href":"http:\/\/colfarma.info\/colfarmasanisidro\/wp-json\/wp\/v2\/posts"}],"about":[{"href":"http:\/\/colfarma.info\/colfarmasanisidro\/wp-json\/wp\/v2\/types\/post"}],"author":[{"embeddable":true,"href":"http:\/\/colfarma.info\/colfarmasanisidro\/wp-json\/wp\/v2\/users\/2"}],"replies":[{"embeddable":true,"href":"http:\/\/colfarma.info\/colfarmasanisidro\/wp-json\/wp\/v2\/comments?post=3061"}],"version-history":[{"count":2,"href":"http:\/\/colfarma.info\/colfarmasanisidro\/wp-json\/wp\/v2\/posts\/3061\/revisions"}],"predecessor-version":[{"id":3066,"href":"http:\/\/colfarma.info\/colfarmasanisidro\/wp-json\/wp\/v2\/posts\/3061\/revisions\/3066"}],"wp:featuredmedia":[{"embeddable":true,"href":"http:\/\/colfarma.info\/colfarmasanisidro\/wp-json\/wp\/v2\/media\/3067"}],"wp:attachment":[{"href":"http:\/\/colfarma.info\/colfarmasanisidro\/wp-json\/wp\/v2\/media?parent=3061"}],"wp:term":[{"taxonomy":"category","embeddable":true,"href":"http:\/\/colfarma.info\/colfarmasanisidro\/wp-json\/wp\/v2\/categories?post=3061"},{"taxonomy":"post_tag","embeddable":true,"href":"http:\/\/colfarma.info\/colfarmasanisidro\/wp-json\/wp\/v2\/tags?post=3061"}],"curies":[{"name":"wp","href":"https:\/\/api.w.org\/{rel}","templated":true}]}}