{"id":2265,"date":"2018-04-24T08:36:31","date_gmt":"2018-04-24T11:36:31","guid":{"rendered":"http:\/\/colfarma.info\/colfarmasanisidro\/?p=2265"},"modified":"2018-04-24T18:41:46","modified_gmt":"2018-04-24T21:41:46","slug":"colegas-la-lucha-continua-todos-juntos-el-26-de-abril","status":"publish","type":"post","link":"http:\/\/colfarma.info\/colfarmasanisidro\/2018\/04\/24\/colegas-la-lucha-continua-todos-juntos-el-26-de-abril\/","title":{"rendered":"Colegas, LA LUCHA CONTINUA!! TODOS JUNTOS EL 26 DE ABRIL!"},"content":{"rendered":"<p><img fetchpriority=\"high\" decoding=\"async\" class=\"wp-image-2263 aligncenter\" src=\"http:\/\/colfarma.info\/colfarmasanisidro\/wp-content\/uploads\/2017\/12\/Plantilla-Slide_26abril.jpg\" alt=\"\" width=\"762\" height=\"172\" srcset=\"http:\/\/colfarma.info\/colfarmasanisidro\/wp-content\/uploads\/2017\/12\/Plantilla-Slide_26abril.jpg 2000w, http:\/\/colfarma.info\/colfarmasanisidro\/wp-content\/uploads\/2017\/12\/Plantilla-Slide_26abril-300x68.jpg 300w, http:\/\/colfarma.info\/colfarmasanisidro\/wp-content\/uploads\/2017\/12\/Plantilla-Slide_26abril-768x173.jpg 768w, http:\/\/colfarma.info\/colfarmasanisidro\/wp-content\/uploads\/2017\/12\/Plantilla-Slide_26abril-1024x230.jpg 1024w, http:\/\/colfarma.info\/colfarmasanisidro\/wp-content\/uploads\/2017\/12\/Plantilla-Slide_26abril-624x140.jpg 624w\" sizes=\"(max-width: 762px) 100vw, 762px\" \/><\/p>\n<p>Estimados colegas<\/p>\n<p>Ya nos encontramos en las \u00faltimas instancias de esta ardua lucha, el intento de una cadena de farmacias privada de derogar nuestra Ley, una Ley de car\u00e1cter netamente sanitario, que ,sobretodo, prioriza el acceso al medicamento de la poblaci\u00f3n.<\/p>\n<p>Esto solo lo podemos entender nosotros, los profesionales farmac\u00e9uticos, los que fuimos 5 a\u00f1os a la Facultad de Farmacia y formamos criterio, nosotros para los que el medicamento es un BIEN SOCIAL y no una simple mercanc\u00eda de canje, nosotros que DISPENSAMOS y no vendemos, nosotros que acompa\u00f1amos la entrega del medicamento con el consejo farmaceutico, nosotros que tenemos ese PLUS intangible, que ni siquiera sabemos que lo tenemos, nosotros que somos verdaderos PROFESIONALES FARMACEUTICOS.<\/p>\n<p>Dicen que no sabemos competir, que somos monop\u00f3licos\u2026.quien es quien no sabe competir, nosotros o ellos que necesitan Derogar una Ley de m\u00e1s de 30 a\u00f1os de vigencia sanitaria para competir?<\/p>\n<p>Es por todo esto, por el futuro de nuestros futuros colegas, hoy estudiantes, por nuestra trayectoria profesional, por la defensa de nuestros derechos, por el NO avasallamiento de nuestra Ley ,es que necesitamos de la presencia de TODOS este jueves 26 de abril en la puerta de nuestro Colegio Central, acompa\u00f1aremos apoyando el proyecto que ratifica el Art. 14 de la Ley 10606 que impide la instalaci\u00f3n de las S.A. en la Pcia.de Bs.As.,para que no se nos quite la exclusiva propiedad de nuestras oficinas de farmacia, t\u00edtulo y derecho obtenido luego de 5 a\u00f1os de estudio.<\/p>\n<p>De pronunciarse la Corte de manera contraria a nuestros intereses profesionales, nuestro ejercicio profesional tomar\u00eda un giro netamente comercial, dejando de lado lo verdaderamente importante, nuestro rol dentro del equipo de salud, nuestro rol sanitario.<\/p>\n<p>EL HORARIO DE SALIDA A LA PLATA DE NUESTRAS OFICINAS SERA A LAS 9 HS.<\/p>\n<p>EL REGRESO A SAN ISIDRO APROXIMADAMENTE 16:30.<\/p>\n<p>SOLICITAMOS CONCURRIR CON CHAQUETAS .<\/p>\n<p><strong>\u00a1Los esperamos a todos, es el momento de estar juntos y unidos!<\/strong><\/p>\n<p><strong>Por favor comunicar asistencia a fin de poder organizar el traslado necesario antes del miercoles 25 de abril al TE 4743-3065.<\/strong><\/p>\n<p><strong>\u00a1Gracias por acompa\u00f1arnos!<\/strong><\/p>\n","protected":false},"excerpt":{"rendered":"<p>Estimados colegas Ya nos encontramos en las \u00faltimas instancias de esta ardua lucha, el intento de una cadena de farmacias privada de derogar nuestra Ley, una Ley de car\u00e1cter netamente sanitario, que ,sobretodo, prioriza el acceso al medicamento de la poblaci\u00f3n. Esto solo lo podemos entender nosotros, los profesionales farmac\u00e9uticos, los que fuimos 5 a\u00f1os [&hellip;]<\/p>\n","protected":false},"author":2,"featured_media":2266,"comment_status":"closed","ping_status":"open","sticky":false,"template":"","format":"standard","meta":{"site-sidebar-layout":"default","site-content-layout":"","ast-site-content-layout":"default","site-content-style":"default","site-sidebar-style":"default","ast-global-header-display":"","ast-banner-title-visibility":"","ast-main-header-display":"","ast-hfb-above-header-display":"","ast-hfb-below-header-display":"","ast-hfb-mobile-header-display":"","site-post-title":"","ast-breadcrumbs-content":"","ast-featured-img":"","footer-sml-layout":"","ast-disable-related-posts":"","theme-transparent-header-meta":"","adv-header-id-meta":"","stick-header-meta":"","header-above-stick-meta":"","header-main-stick-meta":"","header-below-stick-meta":"","astra-migrate-meta-layouts":"default","ast-page-background-enabled":"default","ast-page-background-meta":{"desktop":{"background-color":"var(--ast-global-color-4)","background-image":"","background-repeat":"repeat","background-position":"center center","background-size":"auto","background-attachment":"scroll","background-type":"","background-media":"","overlay-type":"","overlay-color":"","overlay-opacity":"","overlay-gradient":""},"tablet":{"background-color":"","background-image":"","background-repeat":"repeat","background-position":"center center","background-size":"auto","background-attachment":"scroll","background-type":"","background-media":"","overlay-type":"","overlay-color":"","overlay-opacity":"","overlay-gradient":""},"mobile":{"background-color":"","background-image":"","background-repeat":"repeat","background-position":"center center","background-size":"auto","background-attachment":"scroll","background-type":"","background-media":"","overlay-type":"","overlay-color":"","overlay-opacity":"","overlay-gradient":""}},"ast-content-background-meta":{"desktop":{"background-color":"var(--ast-global-color-5)","background-image":"","background-repeat":"repeat","background-position":"center center","background-size":"auto","background-attachment":"scroll","background-type":"","background-media":"","overlay-type":"","overlay-color":"","overlay-opacity":"","overlay-gradient":""},"tablet":{"background-color":"var(--ast-global-color-5)","background-image":"","background-repeat":"repeat","background-position":"center center","background-size":"auto","background-attachment":"scroll","background-type":"","background-media":"","overlay-type":"","overlay-color":"","overlay-opacity":"","overlay-gradient":""},"mobile":{"background-color":"var(--ast-global-color-5)","background-image":"","background-repeat":"repeat","background-position":"center center","background-size":"auto","background-attachment":"scroll","background-type":"","background-media":"","overlay-type":"","overlay-color":"","overlay-opacity":"","overlay-gradient":""}},"footnotes":""},"categories":[1],"tags":[],"class_list":["post-2265","post","type-post","status-publish","format-standard","has-post-thumbnail","hentry","category-noticias"],"_links":{"self":[{"href":"http:\/\/colfarma.info\/colfarmasanisidro\/wp-json\/wp\/v2\/posts\/2265","targetHints":{"allow":["GET"]}}],"collection":[{"href":"http:\/\/colfarma.info\/colfarmasanisidro\/wp-json\/wp\/v2\/posts"}],"about":[{"href":"http:\/\/colfarma.info\/colfarmasanisidro\/wp-json\/wp\/v2\/types\/post"}],"author":[{"embeddable":true,"href":"http:\/\/colfarma.info\/colfarmasanisidro\/wp-json\/wp\/v2\/users\/2"}],"replies":[{"embeddable":true,"href":"http:\/\/colfarma.info\/colfarmasanisidro\/wp-json\/wp\/v2\/comments?post=2265"}],"version-history":[{"count":4,"href":"http:\/\/colfarma.info\/colfarmasanisidro\/wp-json\/wp\/v2\/posts\/2265\/revisions"}],"predecessor-version":[{"id":2270,"href":"http:\/\/colfarma.info\/colfarmasanisidro\/wp-json\/wp\/v2\/posts\/2265\/revisions\/2270"}],"wp:featuredmedia":[{"embeddable":true,"href":"http:\/\/colfarma.info\/colfarmasanisidro\/wp-json\/wp\/v2\/media\/2266"}],"wp:attachment":[{"href":"http:\/\/colfarma.info\/colfarmasanisidro\/wp-json\/wp\/v2\/media?parent=2265"}],"wp:term":[{"taxonomy":"category","embeddable":true,"href":"http:\/\/colfarma.info\/colfarmasanisidro\/wp-json\/wp\/v2\/categories?post=2265"},{"taxonomy":"post_tag","embeddable":true,"href":"http:\/\/colfarma.info\/colfarmasanisidro\/wp-json\/wp\/v2\/tags?post=2265"}],"curies":[{"name":"wp","href":"https:\/\/api.w.org\/{rel}","templated":true}]}}