{"id":2116,"date":"2018-03-28T16:10:43","date_gmt":"2018-03-28T19:10:43","guid":{"rendered":"http:\/\/colfarma.info\/colfarmasanisidro\/?p=2116"},"modified":"2018-03-28T16:19:55","modified_gmt":"2018-03-28T19:19:55","slug":"alerta-sarampion","status":"publish","type":"post","link":"http:\/\/colfarma.info\/colfarmasanisidro\/2018\/03\/28\/alerta-sarampion\/","title":{"rendered":"Alerta Sarampi\u00f3n"},"content":{"rendered":"<p class=\"m_6198768638303636280x_MsoNormal\"><b><span style=\"color: #1e4273; font-family: Lucida\\ Sans\\ Unicode;\">El Centro de Informaci\u00f3n de Medicamentos Farmac\u00e9utico (CIMF) del Colegio de Farmac\u00e9uticos de la Provincia de Bs. As. cree de suma importancia que se difunda entre todos los colegas farmac\u00e9uticos de la provincia de Bs. As. el alerta de sarampi\u00f3n.<\/span><\/b><\/p>\n<p class=\"m_6198768638303636280x_MsoNormal\"><b><u><span style=\"color: #363636; font-family: Lucida\\ Sans\\ Unicode;\">Situaci\u00f3n de Sarampi\u00f3n en Am\u00e9rica, riesgo de reintroducci\u00f3n en Argentina<\/span><\/u><\/b><span style=\"color: #363636; font-family: Lucida\\ Sans\\ Unicode;\"><br \/>\nAnte la circulaci\u00f3n del virus de sarampi\u00f3n en pa\u00edses de Am\u00e9rica y el resto del mundo y el tr\u00e1nsito de personas desde y hacia esos pa\u00edses actualmente afectados, el Ministerio de Salud de la Naci\u00f3n emite el presente alerta, con el objetivo de informar sobre la situaci\u00f3n, difundir las recomendaciones para la poblaci\u00f3n local y los viajeros e instar a los equipos de salud de todo el pa\u00eds a intensificar la vigilancia epidemiol\u00f3gica de la Enfermedad Febril Exantem\u00e1tica, as\u00ed como verificar los circuitos y protocolos para la notificaci\u00f3n oportuna y la implementaci\u00f3n inmediata de acciones de control ante la detecci\u00f3n de casos sospechosos.<\/span><\/p>\n<p><b>SITUACI\u00d3N MUNDIAL Y REGIONAL<\/b><br \/>\nLa Regi\u00f3n de las Am\u00e9ricas fue la primera del mundo en ser declarada libre de los virus de la rub\u00e9ola en 2015 y del sarampi\u00f3n en 2016, por un Comit\u00e9 Internacional de Expertos (CIE). En Argentina no se registran casos aut\u00f3ctonos de sarampi\u00f3n desde el a\u00f1o 2000 y de rub\u00e9ola y s\u00edndrome de rub\u00e9ola cong\u00e9nita (SRC) desde el a\u00f1o 2009.<\/p>\n<p class=\"m_6198768638303636280x_MsoNormal\"><span style=\"color: #363636; font-family: Lucida\\ Sans\\ Unicode;\">En la Regi\u00f3n de las Am\u00e9ricas, durante el a\u00f1o 2017 cuatro pa\u00edses notificaron casos confirmados de sarampi\u00f3n: Argentina, Canad\u00e1, EEUU y la Rep\u00fablica Bolivariana de Venezuela. Desde enero de 2018, nueve pa\u00edses notificaron casos confirmados:<\/span><\/p>\n<ul type=\"disc\">\n<li class=\"m_6198768638303636280x_MsoNormal\"><span style=\"color: #363636; font-family: Lucida\\ Sans\\ Unicode;\">Antigua y Barbuda (1 caso importado),<\/span><\/li>\n<li class=\"m_6198768638303636280x_MsoNormal\"><span style=\"color: #363636; font-family: Lucida\\ Sans\\ Unicode;\">Brasil (14),<\/span><\/li>\n<li class=\"m_6198768638303636280x_MsoNormal\"><span style=\"color: #363636; font-family: Lucida\\ Sans\\ Unicode;\">Canad\u00e1 (4 casos importados),<\/span><\/li>\n<li class=\"m_6198768638303636280x_MsoNormal\"><span style=\"color: #363636; font-family: Lucida\\ Sans\\ Unicode;\">Colombia (1 caso importado),<\/span><\/li>\n<li class=\"m_6198768638303636280x_MsoNormal\"><span style=\"color: #363636; font-family: Lucida\\ Sans\\ Unicode;\">Guatemala (1 caso importado),<\/span><\/li>\n<li class=\"m_6198768638303636280x_MsoNormal\"><span style=\"color: #363636; font-family: Lucida\\ Sans\\ Unicode;\">Estados Unidos (13 importados y relacionados a la importaci\u00f3n),<\/span><\/li>\n<li class=\"m_6198768638303636280x_MsoNormal\"><span style=\"color: #363636; font-family: Lucida\\ Sans\\ Unicode;\">M\u00e9xico (4),<\/span><\/li>\n<li class=\"m_6198768638303636280x_MsoNormal\"><span style=\"color: #363636; font-family: Lucida\\ Sans\\ Unicode;\">Per\u00fa (2 casos en residentes que no han salido del pa\u00eds) y<\/span><\/li>\n<li class=\"m_6198768638303636280x_MsoNormal\"><span style=\"color: #363636; font-family: Lucida\\ Sans\\ Unicode;\">la Rep\u00fablica Bolivariana de Venezuela (159).<\/span><\/li>\n<\/ul>\n<p class=\"m_6198768638303636280x_MsoNormal\"><span style=\"color: #363636; font-family: Lucida\\ Sans\\ Unicode;\">En Venezuela, desde la confirmaci\u00f3n del primer caso de sarampi\u00f3n en la semana epidemiol\u00f3gica (SE) 26 de 2017 y hasta la SE 7 de 2018 se notificaron y confirmaron 886 casos de sarampi\u00f3n, de los cuales 666 se confirmaron por laboratorio y 220 por nexo epidemiol\u00f3gico, incluidas dos defunciones. El 82 % de los casos se registraron en el estado de Bol\u00edvar, municipio de Caron\u00ed, notific\u00e1ndose adem\u00e1s casos en otros 8 estados. La mayor incidencia se registr\u00f3 durante la SE 38\/2017 y en SE 3\/2018. El grupo de edad m\u00e1s afectado corresponde a los menores de 5 a\u00f1os, seguido del grupo de 6 a 15 a\u00f1os.<\/span><\/p>\n<p class=\"m_6198768638303636280x_MsoNormal\"><span style=\"color: #363636; font-family: Lucida\\ Sans\\ Unicode;\">En Brasil, se encuentra en curso un brote de sarampi\u00f3n con casos notificados en los municipios de Boa Vista y Pacaraima, estado de Roraima. A partir de la detecci\u00f3n del primer caso en la semana epidemiol\u00f3gica (SE) 8 de 2018 y hasta el 12 de marzo de 2018 se notificaron 50 casos sospechosos de sarampi\u00f3n (43 en el municipio de Boa Vista y 7 en el municipio de Pacaraima), de los cuales 14 fueron confirmados por laboratorio a trav\u00e9s de pruebas serol\u00f3gicas y moleculares y 36 permanecen en investigaci\u00f3n. . Todos los casos confirmados proceden de Venezuela. Ninguno tiene antecedente de vacunaci\u00f3n contra sarampi\u00f3n-rub\u00e9ola. El rango de edad es de 9 meses a 18 a\u00f1os. Se registr\u00f3 un fallecido. El genotipo hallado en este brote es D8, id\u00e9ntico al identificado en Venezuela en 2017.<\/span><\/p>\n<p class=\"m_6198768638303636280x_MsoNormal\"><span style=\"color: #363636; font-family: Lucida\\ Sans\\ Unicode;\">En la regi\u00f3n europea, en el a\u00f1o 2017, se cuadruplic\u00f3 el n\u00famero de casos respecto a 2016. Se registraron 21.315 casos y 35 defunciones. El 72% de de los casos se concentra en Rumania, Italia y Ucrania.<\/span><\/p>\n<p class=\"m_6198768638303636280x_MsoNormal\"><span style=\"color: #363636; font-family: Lucida\\ Sans\\ Unicode;\">Pa\u00edses de otros continentes (China, Etiop\u00eda, India, Indonesia, Rep\u00fablica Democr\u00e1tica Popular Lao, Mongolia, Filipinas, Nigeria, Sri Lanka, Sud\u00e1n, Tailandia, y\u00a0 Vietnam, entre otros) tambi\u00e9n notificaron brotes de sarampi\u00f3n entre 2016 y 2017.<\/span><\/p>\n<p class=\"m_6198768638303636280x_MsoNormal\"><span style=\"color: #363636; font-family: Lucida\\ Sans\\ Unicode;\">1. <\/span><b><span style=\"color: #363636; font-family: Lucida\\ Sans\\ Unicode;\">RECOMENDACIONES PARA EL EQUIPO DE SALUD<\/span><\/b><span style=\"color: #363636; font-family: Lucida\\ Sans\\ Unicode;\"><br \/>\nPara evitar la reintroducci\u00f3n del virus del sarampi\u00f3n en el pa\u00eds, el Ministerio de Salud de la Naci\u00f3n recomienda:<\/span><\/p>\n<p class=\"m_6198768638303636280x_MsoNormal\"><span style=\"color: #363636; font-family: Courier\\ New;\">o<b> <\/b><\/span><b><span style=\"color: #363636; font-family: Lucida\\ Sans\\ Unicode;\">Verificar esquema de vacunaci\u00f3n completo para la edad<\/span><\/b><\/p>\n<p class=\"m_6198768638303636280x_MsoNormal\"><span style=\"color: #363636; font-family: Wingdings; font-size: small;\">o\u00a0 <b><\/b><\/span><span style=\"color: #363636; font-family: Lucida\\ Sans\\ Unicode;\">De 12 meses a 4 a\u00f1os: deben acreditar UNA DOSIS de vacuna triple viral (sarampi\u00f3n-rub\u00e9ola-paperas)<\/span><\/p>\n<p class=\"m_6198768638303636280x_MsoNormal\"><span style=\"color: #363636; font-family: Wingdings; font-size: small;\">o<span style=\"font-family: Times\\ New\\ Roman; font-size: xx-small;\">\u00a0\u00a0<b><\/b><\/span><\/span><span style=\"color: #363636; font-family: Lucida\\ Sans\\ Unicode;\">Mayores de 5 a\u00f1os: deben acreditar DOS DOSIS de vacuna con doble o triple viral despu\u00e9s del primer a\u00f1o de vida<\/span><\/p>\n<p class=\"m_6198768638303636280x_MsoNormal\"><span style=\"color: #363636; font-family: Wingdings; font-size: small;\">o<b><\/b><span style=\"font-family: Times\\ New\\ Roman;\">\u00a0 <\/span><\/span><span style=\"color: #363636; font-family: Lucida\\ Sans\\ Unicode;\">Las personas nacidas antes de 1965 no necesitan vacunarse.<\/span><\/p>\n<p class=\"m_6198768638303636280x_MsoNormal\"><span style=\"color: #363636; font-family: Courier\\ New; font-size: small;\">o<span style=\"font-family: Times\\ New\\ Roman;\">\u00a0 <\/span><\/span><b><span style=\"color: #363636; font-family: Lucida\\ Sans\\ Unicode;\">Intensificar la vigilancia epidemiol\u00f3gica de casos sospechosos de enfermedad febril exantem\u00e1tica<\/span><\/b><\/p>\n<p class=\"m_6198768638303636280x_MsoNormal\"><b><span style=\"color: #363636; font-family: Lucida\\ Sans\\ Unicode;\">Definici\u00f3n de caso sospechoso:<\/span><\/b><span style=\"color: #363636; font-family: Lucida\\ Sans\\ Unicode;\">\u00a0Paciente con fiebre (temperatura axilar mayor a 38\u00baC)\u00a0y exantema, o en todo caso en que el profesional de la salud sospeche sarampi\u00f3n o rub\u00e9ola.<\/span><\/p>\n<p class=\"m_6198768638303636280x_MsoNormal\" style=\"text-align: left;\" align=\"center\"><b><span style=\"color: #1e4273; font-family: Lucida\\ Sans\\ Unicode; font-size: medium;\">Ante la presencia de s\u00edntomas compatibles, indagar siempre sobre los antecedentes de viaje de los pacientes.<\/span><\/b><\/p>\n<p class=\"m_6198768638303636280x_MsoNormal\">1.<span style=\"font-family: Times\\ New\\ Roman;\">\u00a0\u00a0 <\/span><b><span style=\"color: #363636; font-family: Lucida\\ Sans\\ Unicode;\">RECOMENDACIONES PARA VIAJEROS<\/span><\/b><\/p>\n<p class=\"m_6198768638303636280x_MsoNormal\"><span style=\"color: #363636; font-family: Courier\\ New; font-size: small;\">o<span style=\"font-family: Times\\ New\\ Roman; font-size: xx-small;\">\u00a0\u00a0\u00a0 <\/span><\/span><span style=\"color: #363636; font-family: Lucida\\ Sans\\ Unicode;\">Verificar esquema de vacunaci\u00f3n completo para la edad seg\u00fan Calendario Nacional de Vacunaci\u00f3n. De no contar con las 2 dosis recomendadas, la vacuna debe ser aplicada m\u00ednimo 15 d\u00edas antes del viaje.<\/span><\/p>\n<p class=\"m_6198768638303636280x_MsoNormal\"><span style=\"color: #363636; font-family: Courier\\ New; font-size: small;\">o<span style=\"font-family: Times\\ New\\ Roman; font-size: xx-small;\">\u00a0\u00a0\u00a0 <\/span><\/span><span style=\"color: #363636; font-family: Lucida\\ Sans\\ Unicode;\">Los ni\u00f1os de 6 a 11 meses que viajen a \u00e1reas de circulaci\u00f3n viral activa, deben recibir una dosis de vacuna triple viral. Esta dosis no debe ser tenida en cuenta como esquema de vacunaci\u00f3n. Se administrar\u00e1n las dosis correspondientes al Calendario Nacional de Vacunaci\u00f3n al a\u00f1o de vida y al ingreso escolar.<\/span><\/p>\n<p class=\"m_6198768638303636280x_MsoNormal\"><b><span style=\"color: #1e4273; font-family: Lucida\\ Sans\\ Unicode;\">En caso de verificar la aparici\u00f3n de fiebre y erupci\u00f3n cut\u00e1nea durante el viaje o dentro de las tres semanas del regreso, consultar inmediatamente al m\u00e9dico informando el antecedente de viaje. No concurrir a lugares p\u00fablicos hasta obtener el alta m\u00e9dica.<\/span><\/b><\/p>\n<p class=\"m_6198768638303636280x_MsoNormal\"><b><span style=\"color: #363636; font-family: Lucida\\ Sans\\ Unicode; font-size: small;\">Fuente:<\/span><\/b><span style=\"color: #363636; font-family: Lucida\\ Sans\\ Unicode; font-size: xx-small;\">\u00a0<a id=\"m_6198768638303636280LPlnk286256\" href=\"http:\/\/www.reporteepidemiologico.com\/wp-content\/uploads\/2018\/03\/Alerta-por-situacio%CC%81n-de-sarampion-en-Ame%CC%81rica_marzo-de-2018.pdf\" target=\"_blank\" rel=\"noopener\" data-saferedirecturl=\"https:\/\/www.google.com\/url?q=http:\/\/www.reporteepidemiologico.com\/wp-content\/uploads\/2018\/03\/Alerta-por-situacio%25CC%2581n-de-sarampion-en-Ame%25CC%2581rica_marzo-de-2018.pdf&amp;source=gmail&amp;ust=1522347583973000&amp;usg=AFQjCNEpJUOu-oMsVzK0UdY3rAutyjqndA\">http:\/\/www.<wbr \/>reporteepidemiologico.com\/wp-<wbr \/>content\/uploads\/2018\/03\/<wbr \/>Alerta-por-situacio%CC%81n-de-<wbr \/>sarampion-en-Ame%CC%81rica_<wbr \/>marzo-de-2018.pdf<\/a> <\/span><\/p>\n","protected":false},"excerpt":{"rendered":"<p>El Centro de Informaci\u00f3n de Medicamentos Farmac\u00e9utico (CIMF) del Colegio de Farmac\u00e9uticos de la Provincia de Bs. As. cree de suma importancia que se difunda entre todos los colegas farmac\u00e9uticos de la provincia de Bs. As. el alerta de sarampi\u00f3n. Situaci\u00f3n de Sarampi\u00f3n en Am\u00e9rica, riesgo de reintroducci\u00f3n en Argentina Ante la circulaci\u00f3n del virus [&hellip;]<\/p>\n","protected":false},"author":2,"featured_media":2117,"comment_status":"closed","ping_status":"open","sticky":false,"template":"","format":"standard","meta":{"site-sidebar-layout":"default","site-content-layout":"","ast-site-content-layout":"default","site-content-style":"default","site-sidebar-style":"default","ast-global-header-display":"","ast-banner-title-visibility":"","ast-main-header-display":"","ast-hfb-above-header-display":"","ast-hfb-below-header-display":"","ast-hfb-mobile-header-display":"","site-post-title":"","ast-breadcrumbs-content":"","ast-featured-img":"","footer-sml-layout":"","ast-disable-related-posts":"","theme-transparent-header-meta":"","adv-header-id-meta":"","stick-header-meta":"","header-above-stick-meta":"","header-main-stick-meta":"","header-below-stick-meta":"","astra-migrate-meta-layouts":"default","ast-page-background-enabled":"default","ast-page-background-meta":{"desktop":{"background-color":"var(--ast-global-color-4)","background-image":"","background-repeat":"repeat","background-position":"center center","background-size":"auto","background-attachment":"scroll","background-type":"","background-media":"","overlay-type":"","overlay-color":"","overlay-opacity":"","overlay-gradient":""},"tablet":{"background-color":"","background-image":"","background-repeat":"repeat","background-position":"center center","background-size":"auto","background-attachment":"scroll","background-type":"","background-media":"","overlay-type":"","overlay-color":"","overlay-opacity":"","overlay-gradient":""},"mobile":{"background-color":"","background-image":"","background-repeat":"repeat","background-position":"center center","background-size":"auto","background-attachment":"scroll","background-type":"","background-media":"","overlay-type":"","overlay-color":"","overlay-opacity":"","overlay-gradient":""}},"ast-content-background-meta":{"desktop":{"background-color":"var(--ast-global-color-5)","background-image":"","background-repeat":"repeat","background-position":"center center","background-size":"auto","background-attachment":"scroll","background-type":"","background-media":"","overlay-type":"","overlay-color":"","overlay-opacity":"","overlay-gradient":""},"tablet":{"background-color":"var(--ast-global-color-5)","background-image":"","background-repeat":"repeat","background-position":"center center","background-size":"auto","background-attachment":"scroll","background-type":"","background-media":"","overlay-type":"","overlay-color":"","overlay-opacity":"","overlay-gradient":""},"mobile":{"background-color":"var(--ast-global-color-5)","background-image":"","background-repeat":"repeat","background-position":"center center","background-size":"auto","background-attachment":"scroll","background-type":"","background-media":"","overlay-type":"","overlay-color":"","overlay-opacity":"","overlay-gradient":""}},"footnotes":""},"categories":[1],"tags":[],"class_list":["post-2116","post","type-post","status-publish","format-standard","has-post-thumbnail","hentry","category-noticias"],"_links":{"self":[{"href":"http:\/\/colfarma.info\/colfarmasanisidro\/wp-json\/wp\/v2\/posts\/2116","targetHints":{"allow":["GET"]}}],"collection":[{"href":"http:\/\/colfarma.info\/colfarmasanisidro\/wp-json\/wp\/v2\/posts"}],"about":[{"href":"http:\/\/colfarma.info\/colfarmasanisidro\/wp-json\/wp\/v2\/types\/post"}],"author":[{"embeddable":true,"href":"http:\/\/colfarma.info\/colfarmasanisidro\/wp-json\/wp\/v2\/users\/2"}],"replies":[{"embeddable":true,"href":"http:\/\/colfarma.info\/colfarmasanisidro\/wp-json\/wp\/v2\/comments?post=2116"}],"version-history":[{"count":6,"href":"http:\/\/colfarma.info\/colfarmasanisidro\/wp-json\/wp\/v2\/posts\/2116\/revisions"}],"predecessor-version":[{"id":2123,"href":"http:\/\/colfarma.info\/colfarmasanisidro\/wp-json\/wp\/v2\/posts\/2116\/revisions\/2123"}],"wp:featuredmedia":[{"embeddable":true,"href":"http:\/\/colfarma.info\/colfarmasanisidro\/wp-json\/wp\/v2\/media\/2117"}],"wp:attachment":[{"href":"http:\/\/colfarma.info\/colfarmasanisidro\/wp-json\/wp\/v2\/media?parent=2116"}],"wp:term":[{"taxonomy":"category","embeddable":true,"href":"http:\/\/colfarma.info\/colfarmasanisidro\/wp-json\/wp\/v2\/categories?post=2116"},{"taxonomy":"post_tag","embeddable":true,"href":"http:\/\/colfarma.info\/colfarmasanisidro\/wp-json\/wp\/v2\/tags?post=2116"}],"curies":[{"name":"wp","href":"https:\/\/api.w.org\/{rel}","templated":true}]}}