{"id":1882,"date":"2018-03-08T15:17:40","date_gmt":"2018-03-08T18:17:40","guid":{"rendered":"http:\/\/colfarma.info\/colfarmasanisidro\/?p=1882"},"modified":"2018-03-08T15:27:55","modified_gmt":"2018-03-08T18:27:55","slug":"conferencia-actualizacion-en-vacunas-22-de-marzo","status":"publish","type":"post","link":"http:\/\/colfarma.info\/colfarmasanisidro\/2018\/03\/08\/conferencia-actualizacion-en-vacunas-22-de-marzo\/","title":{"rendered":"CONFERENCIA: Actualizaci\u00f3n en vacunas, 22 de marzo"},"content":{"rendered":"<p><img fetchpriority=\"high\" decoding=\"async\" class=\"alignnone size-full wp-image-1883\" src=\"http:\/\/colfarma.info\/colfarmasanisidro\/wp-content\/uploads\/2018\/03\/ACTUALIZACION-EN-VACUNAS-22-marzo-SAN-ISIDRO-fb.png\" alt=\"\" width=\"1200\" height=\"628\" srcset=\"http:\/\/colfarma.info\/colfarmasanisidro\/wp-content\/uploads\/2018\/03\/ACTUALIZACION-EN-VACUNAS-22-marzo-SAN-ISIDRO-fb.png 1200w, http:\/\/colfarma.info\/colfarmasanisidro\/wp-content\/uploads\/2018\/03\/ACTUALIZACION-EN-VACUNAS-22-marzo-SAN-ISIDRO-fb-300x157.png 300w, http:\/\/colfarma.info\/colfarmasanisidro\/wp-content\/uploads\/2018\/03\/ACTUALIZACION-EN-VACUNAS-22-marzo-SAN-ISIDRO-fb-768x402.png 768w, http:\/\/colfarma.info\/colfarmasanisidro\/wp-content\/uploads\/2018\/03\/ACTUALIZACION-EN-VACUNAS-22-marzo-SAN-ISIDRO-fb-1024x536.png 1024w, http:\/\/colfarma.info\/colfarmasanisidro\/wp-content\/uploads\/2018\/03\/ACTUALIZACION-EN-VACUNAS-22-marzo-SAN-ISIDRO-fb-624x327.png 624w\" sizes=\"(max-width: 1200px) 100vw, 1200px\" \/><\/p>\n<p>Conferencia: Actualizaci\u00f3n en vacunas en la Filial San Isidro<br \/>\nJueves 22 de marzo de 13.30 a 15.30 hs.<\/p>\n<p><strong>Colegas de la Filial de San Isidro acceder\u00e1n sin cargo.<\/strong><\/p>\n<p>No te pierdas las \u00faltimas novedades sobre vacunaci\u00f3n!<\/p>\n<p>Para una mejor organizaci\u00f3n ponerse en <a href=\"http:\/\/colfarma.info\/colfarmasanisidro\/contacto\/\">contacto<\/a> con la filial.<\/p>\n<p>&nbsp;<\/p>\n","protected":false},"excerpt":{"rendered":"<p>Conferencia: Actualizaci\u00f3n en vacunas en la Filial San Isidro Jueves 22 de marzo de 13.30 a 15.30 hs. Colegas de la Filial de San Isidro acceder\u00e1n sin cargo. No te pierdas las \u00faltimas novedades sobre vacunaci\u00f3n! Para una mejor organizaci\u00f3n ponerse en contacto con la filial. &nbsp;<\/p>\n","protected":false},"author":2,"featured_media":1884,"comment_status":"closed","ping_status":"open","sticky":false,"template":"","format":"standard","meta":{"site-sidebar-layout":"default","site-content-layout":"","ast-site-content-layout":"default","site-content-style":"default","site-sidebar-style":"default","ast-global-header-display":"","ast-banner-title-visibility":"","ast-main-header-display":"","ast-hfb-above-header-display":"","ast-hfb-below-header-display":"","ast-hfb-mobile-header-display":"","site-post-title":"","ast-breadcrumbs-content":"","ast-featured-img":"","footer-sml-layout":"","ast-disable-related-posts":"","theme-transparent-header-meta":"","adv-header-id-meta":"","stick-header-meta":"","header-above-stick-meta":"","header-main-stick-meta":"","header-below-stick-meta":"","astra-migrate-meta-layouts":"default","ast-page-background-enabled":"default","ast-page-background-meta":{"desktop":{"background-color":"var(--ast-global-color-4)","background-image":"","background-repeat":"repeat","background-position":"center center","background-size":"auto","background-attachment":"scroll","background-type":"","background-media":"","overlay-type":"","overlay-color":"","overlay-opacity":"","overlay-gradient":""},"tablet":{"background-color":"","background-image":"","background-repeat":"repeat","background-position":"center center","background-size":"auto","background-attachment":"scroll","background-type":"","background-media":"","overlay-type":"","overlay-color":"","overlay-opacity":"","overlay-gradient":""},"mobile":{"background-color":"","background-image":"","background-repeat":"repeat","background-position":"center center","background-size":"auto","background-attachment":"scroll","background-type":"","background-media":"","overlay-type":"","overlay-color":"","overlay-opacity":"","overlay-gradient":""}},"ast-content-background-meta":{"desktop":{"background-color":"var(--ast-global-color-5)","background-image":"","background-repeat":"repeat","background-position":"center center","background-size":"auto","background-attachment":"scroll","background-type":"","background-media":"","overlay-type":"","overlay-color":"","overlay-opacity":"","overlay-gradient":""},"tablet":{"background-color":"var(--ast-global-color-5)","background-image":"","background-repeat":"repeat","background-position":"center center","background-size":"auto","background-attachment":"scroll","background-type":"","background-media":"","overlay-type":"","overlay-color":"","overlay-opacity":"","overlay-gradient":""},"mobile":{"background-color":"var(--ast-global-color-5)","background-image":"","background-repeat":"repeat","background-position":"center center","background-size":"auto","background-attachment":"scroll","background-type":"","background-media":"","overlay-type":"","overlay-color":"","overlay-opacity":"","overlay-gradient":""}},"footnotes":""},"categories":[16],"tags":[],"class_list":["post-1882","post","type-post","status-publish","format-standard","has-post-thumbnail","hentry","category-cursos-y-seminarios"],"_links":{"self":[{"href":"http:\/\/colfarma.info\/colfarmasanisidro\/wp-json\/wp\/v2\/posts\/1882","targetHints":{"allow":["GET"]}}],"collection":[{"href":"http:\/\/colfarma.info\/colfarmasanisidro\/wp-json\/wp\/v2\/posts"}],"about":[{"href":"http:\/\/colfarma.info\/colfarmasanisidro\/wp-json\/wp\/v2\/types\/post"}],"author":[{"embeddable":true,"href":"http:\/\/colfarma.info\/colfarmasanisidro\/wp-json\/wp\/v2\/users\/2"}],"replies":[{"embeddable":true,"href":"http:\/\/colfarma.info\/colfarmasanisidro\/wp-json\/wp\/v2\/comments?post=1882"}],"version-history":[{"count":5,"href":"http:\/\/colfarma.info\/colfarmasanisidro\/wp-json\/wp\/v2\/posts\/1882\/revisions"}],"predecessor-version":[{"id":1889,"href":"http:\/\/colfarma.info\/colfarmasanisidro\/wp-json\/wp\/v2\/posts\/1882\/revisions\/1889"}],"wp:featuredmedia":[{"embeddable":true,"href":"http:\/\/colfarma.info\/colfarmasanisidro\/wp-json\/wp\/v2\/media\/1884"}],"wp:attachment":[{"href":"http:\/\/colfarma.info\/colfarmasanisidro\/wp-json\/wp\/v2\/media?parent=1882"}],"wp:term":[{"taxonomy":"category","embeddable":true,"href":"http:\/\/colfarma.info\/colfarmasanisidro\/wp-json\/wp\/v2\/categories?post=1882"},{"taxonomy":"post_tag","embeddable":true,"href":"http:\/\/colfarma.info\/colfarmasanisidro\/wp-json\/wp\/v2\/tags?post=1882"}],"curies":[{"name":"wp","href":"https:\/\/api.w.org\/{rel}","templated":true}]}}