{"id":619,"date":"2019-04-04T12:07:33","date_gmt":"2019-04-04T12:07:33","guid":{"rendered":"http:\/\/colfarma.info\/colfarchascomus\/?p=619"},"modified":"2019-04-04T12:34:23","modified_gmt":"2019-04-04T12:34:23","slug":"farmacia-aprile-profesionalismo-y-calidad-humana","status":"publish","type":"post","link":"http:\/\/colfarma.info\/colfarchascomus\/farmacia-aprile-profesionalismo-y-calidad-humana\/","title":{"rendered":"Farmacia Aprile, profesionalismo y calidad humana"},"content":{"rendered":"\n<figure class=\"wp-block-image\"><img loading=\"lazy\" decoding=\"async\" width=\"1024\" height=\"768\" src=\"http:\/\/colfarma.info\/colfarchascomus\/wp-content\/uploads\/2019\/04\/WhatsApp-Image-2019-04-03-at-10.29.03-1024x768.jpeg\" alt=\"\" class=\"wp-image-625\" srcset=\"http:\/\/colfarma.info\/colfarchascomus\/wp-content\/uploads\/2019\/04\/WhatsApp-Image-2019-04-03-at-10.29.03-1024x768.jpeg 1024w, http:\/\/colfarma.info\/colfarchascomus\/wp-content\/uploads\/2019\/04\/WhatsApp-Image-2019-04-03-at-10.29.03-300x225.jpeg 300w, http:\/\/colfarma.info\/colfarchascomus\/wp-content\/uploads\/2019\/04\/WhatsApp-Image-2019-04-03-at-10.29.03-768x576.jpeg 768w, http:\/\/colfarma.info\/colfarchascomus\/wp-content\/uploads\/2019\/04\/WhatsApp-Image-2019-04-03-at-10.29.03.jpeg 1152w\" sizes=\"auto, (max-width: 1024px) 100vw, 1024px\" \/><\/figure>\n\n\n\n<p>Hace m\u00e1s de 22 a\u00f1os atr\u00e1s, el 8 de febrero de 1997 y en Avenida Lastra 134, comenzaba a funcionar la Farmacia Aprile, propiedad de la joven farmac\u00e9utica Lorenza Aprile, en ese entonces acompa\u00f1ada por el recordado Pochi \u00d1iguez. <\/p>\n\n\n\n<figure class=\"wp-block-image\"><img loading=\"lazy\" decoding=\"async\" width=\"1024\" height=\"768\" src=\"http:\/\/colfarma.info\/colfarchascomus\/wp-content\/uploads\/2019\/04\/WhatsApp-Image-2019-04-03-at-10.29.04-1024x768.jpeg\" alt=\"\" class=\"wp-image-623\" srcset=\"http:\/\/colfarma.info\/colfarchascomus\/wp-content\/uploads\/2019\/04\/WhatsApp-Image-2019-04-03-at-10.29.04-1024x768.jpeg 1024w, http:\/\/colfarma.info\/colfarchascomus\/wp-content\/uploads\/2019\/04\/WhatsApp-Image-2019-04-03-at-10.29.04-300x225.jpeg 300w, http:\/\/colfarma.info\/colfarchascomus\/wp-content\/uploads\/2019\/04\/WhatsApp-Image-2019-04-03-at-10.29.04-768x576.jpeg 768w, http:\/\/colfarma.info\/colfarchascomus\/wp-content\/uploads\/2019\/04\/WhatsApp-Image-2019-04-03-at-10.29.04.jpeg 1152w\" sizes=\"auto, (max-width: 1024px) 100vw, 1024px\" \/><\/figure>\n\n\n\n<p>Ubicada actualmente en la vereda de enfrente, m\u00e1s precisamente en Lastra 115, Lorenza cuenta comparte el emprendimiento con su familia \u2013 incluyendo a  Miguelito Hern\u00e1ndez- y un grupo de trabajo bien femenino, salvo por Polo Barcel\u00f3, que hace tiempo es la marca registrada de la farmacia, donde el profesionalismo va de la mano de la calidad humana. <\/p>\n\n\n\n<figure class=\"wp-block-image\"><img loading=\"lazy\" decoding=\"async\" width=\"1024\" height=\"768\" src=\"http:\/\/colfarma.info\/colfarchascomus\/wp-content\/uploads\/2019\/04\/WhatsApp-Image-2019-04-03-at-10.29.05-1-1024x768.jpeg\" alt=\"\" class=\"wp-image-622\" srcset=\"http:\/\/colfarma.info\/colfarchascomus\/wp-content\/uploads\/2019\/04\/WhatsApp-Image-2019-04-03-at-10.29.05-1-1024x768.jpeg 1024w, http:\/\/colfarma.info\/colfarchascomus\/wp-content\/uploads\/2019\/04\/WhatsApp-Image-2019-04-03-at-10.29.05-1-300x225.jpeg 300w, http:\/\/colfarma.info\/colfarchascomus\/wp-content\/uploads\/2019\/04\/WhatsApp-Image-2019-04-03-at-10.29.05-1-768x576.jpeg 768w, http:\/\/colfarma.info\/colfarchascomus\/wp-content\/uploads\/2019\/04\/WhatsApp-Image-2019-04-03-at-10.29.05-1.jpeg 1152w\" sizes=\"auto, (max-width: 1024px) 100vw, 1024px\" \/><\/figure>\n\n\n\n<figure class=\"wp-block-image\"><img loading=\"lazy\" decoding=\"async\" width=\"1024\" height=\"768\" src=\"http:\/\/colfarma.info\/colfarchascomus\/wp-content\/uploads\/2019\/04\/WhatsApp-Image-2019-04-03-at-10.29.05-1024x768.jpeg\" alt=\"\" class=\"wp-image-624\" srcset=\"http:\/\/colfarma.info\/colfarchascomus\/wp-content\/uploads\/2019\/04\/WhatsApp-Image-2019-04-03-at-10.29.05-1024x768.jpeg 1024w, http:\/\/colfarma.info\/colfarchascomus\/wp-content\/uploads\/2019\/04\/WhatsApp-Image-2019-04-03-at-10.29.05-300x225.jpeg 300w, http:\/\/colfarma.info\/colfarchascomus\/wp-content\/uploads\/2019\/04\/WhatsApp-Image-2019-04-03-at-10.29.05-768x576.jpeg 768w, http:\/\/colfarma.info\/colfarchascomus\/wp-content\/uploads\/2019\/04\/WhatsApp-Image-2019-04-03-at-10.29.05.jpeg 1152w\" sizes=\"auto, (max-width: 1024px) 100vw, 1024px\" \/><\/figure>\n\n\n\n<p><\/p>\n\n\n\n<p>Con la llegada al nuevo local, la farmac\u00e9utica sum\u00f3 a Mar\u00eda Sallenave, mientras que en los \u00faltimos a\u00f1os la acompa\u00f1an Sole Dalm\u00e1s y Anabella Villar.<\/p>\n\n\n\n<p>\u201c<em>Como profesional, en estos 22 a\u00f1os, hubo un cambio en mi cabeza, a trav\u00e9s de la experiencia,  ya que quiz\u00e1s en mis inicios era m\u00e1s inconsciente. En este entonces fueron importantes, fueron un gran apoyo, Pochi y Graciela (Oria)\u201d, <\/em>coment\u00f3 Aprile.<\/p>\n\n\n\n<p><em>\u201cEn cuanto a la farmacia, los cambios pasan por la tecnolog\u00eda, por los sistemas y dem\u00e1s, pero sigue siendo importante la relaci\u00f3n con los clientes, que es tan profesional como humana. Somos importantes para ellos, porque resolvemos muchas veces cuestiones sensibles. Y es lo que hace que \u00e9ste trabajo, \u00e9sta profesi\u00f3n,  m\u00e1s  reconfortante\u201d<\/em>, remarc\u00f3 Lorenza.<\/p>\n\n\n\n<figure class=\"wp-block-image\"><img loading=\"lazy\" decoding=\"async\" width=\"1024\" height=\"768\" src=\"http:\/\/colfarma.info\/colfarchascomus\/wp-content\/uploads\/2019\/04\/WhatsApp-Image-2019-04-03-at-10.29.06-1024x768.jpeg\" alt=\"\" class=\"wp-image-620\" srcset=\"http:\/\/colfarma.info\/colfarchascomus\/wp-content\/uploads\/2019\/04\/WhatsApp-Image-2019-04-03-at-10.29.06-1024x768.jpeg 1024w, http:\/\/colfarma.info\/colfarchascomus\/wp-content\/uploads\/2019\/04\/WhatsApp-Image-2019-04-03-at-10.29.06-300x225.jpeg 300w, http:\/\/colfarma.info\/colfarchascomus\/wp-content\/uploads\/2019\/04\/WhatsApp-Image-2019-04-03-at-10.29.06-768x576.jpeg 768w, http:\/\/colfarma.info\/colfarchascomus\/wp-content\/uploads\/2019\/04\/WhatsApp-Image-2019-04-03-at-10.29.06.jpeg 1152w\" sizes=\"auto, (max-width: 1024px) 100vw, 1024px\" \/><\/figure>\n","protected":false},"excerpt":{"rendered":"<p>Hace m\u00e1s de 22 a\u00f1os atr\u00e1s, el 8 de febrero de 1997 y en Avenida Lastra 134, comenzaba a funcionar la Farmacia Aprile, propiedad de la joven farmac\u00e9utica Lorenza Aprile, en ese entonces acompa\u00f1ada por el recordado Pochi \u00d1iguez. Ubicada actualmente en la vereda de enfrente, m\u00e1s precisamente en Lastra 115, Lorenza cuenta comparte el <a class=\"more-link\" href=\"http:\/\/colfarma.info\/colfarchascomus\/farmacia-aprile-profesionalismo-y-calidad-humana\/\">Leer m\u00e1s &#8230;<\/a><\/p>\n","protected":false},"author":4,"featured_media":620,"comment_status":"closed","ping_status":"closed","sticky":false,"template":"","format":"standard","meta":{"footnotes":""},"categories":[1],"tags":[],"class_list":["post-619","post","type-post","status-publish","format-standard","has-post-thumbnail","hentry","category-uncategorized"],"_links":{"self":[{"href":"http:\/\/colfarma.info\/colfarchascomus\/wp-json\/wp\/v2\/posts\/619","targetHints":{"allow":["GET"]}}],"collection":[{"href":"http:\/\/colfarma.info\/colfarchascomus\/wp-json\/wp\/v2\/posts"}],"about":[{"href":"http:\/\/colfarma.info\/colfarchascomus\/wp-json\/wp\/v2\/types\/post"}],"author":[{"embeddable":true,"href":"http:\/\/colfarma.info\/colfarchascomus\/wp-json\/wp\/v2\/users\/4"}],"replies":[{"embeddable":true,"href":"http:\/\/colfarma.info\/colfarchascomus\/wp-json\/wp\/v2\/comments?post=619"}],"version-history":[{"count":2,"href":"http:\/\/colfarma.info\/colfarchascomus\/wp-json\/wp\/v2\/posts\/619\/revisions"}],"predecessor-version":[{"id":627,"href":"http:\/\/colfarma.info\/colfarchascomus\/wp-json\/wp\/v2\/posts\/619\/revisions\/627"}],"wp:featuredmedia":[{"embeddable":true,"href":"http:\/\/colfarma.info\/colfarchascomus\/wp-json\/wp\/v2\/media\/620"}],"wp:attachment":[{"href":"http:\/\/colfarma.info\/colfarchascomus\/wp-json\/wp\/v2\/media?parent=619"}],"wp:term":[{"taxonomy":"category","embeddable":true,"href":"http:\/\/colfarma.info\/colfarchascomus\/wp-json\/wp\/v2\/categories?post=619"},{"taxonomy":"post_tag","embeddable":true,"href":"http:\/\/colfarma.info\/colfarchascomus\/wp-json\/wp\/v2\/tags?post=619"}],"curies":[{"name":"wp","href":"https:\/\/api.w.org\/{rel}","templated":true}]}}