{"id":608,"date":"2019-03-27T13:07:50","date_gmt":"2019-03-27T13:07:50","guid":{"rendered":"http:\/\/colfarma.info\/colfarchascomus\/?p=608"},"modified":"2019-03-27T13:14:08","modified_gmt":"2019-03-27T13:14:08","slug":"farmacia-alfonsin","status":"publish","type":"post","link":"http:\/\/colfarma.info\/colfarchascomus\/farmacia-alfonsin\/","title":{"rendered":"Farmacia Alfons\u00edn"},"content":{"rendered":"\n<p>ALFONS\u00cdN, TRADICI\u00d3N Y MODERNIDAD, <br> PERO SOBRE TODO BUEN ATENCI\u00d3N<\/p>\n\n\n\n<p>Si bien es una de las primeras farmacias de Chascom\u00fas, e incluso sigue funcionando en la misma cuadra de siempre, aunque migrando en tres ocasiones hasta establecerse en Libres del Sur 133, Farmacia Alfons\u00edn se destaca por su modernidad y atenci\u00f3n, esa que supo imprimirle, desde 1996, la familia Soliani.<\/p>\n\n\n\n<figure class=\"wp-block-image\"><img loading=\"lazy\" decoding=\"async\" width=\"1024\" height=\"768\" src=\"http:\/\/colfarma.info\/colfarchascomus\/wp-content\/uploads\/2019\/03\/WhatsApp-Image-2019-03-26-at-10.28.47-2-1024x768.jpeg\" alt=\"\" class=\"wp-image-611\" srcset=\"http:\/\/colfarma.info\/colfarchascomus\/wp-content\/uploads\/2019\/03\/WhatsApp-Image-2019-03-26-at-10.28.47-2-1024x768.jpeg 1024w, http:\/\/colfarma.info\/colfarchascomus\/wp-content\/uploads\/2019\/03\/WhatsApp-Image-2019-03-26-at-10.28.47-2-300x225.jpeg 300w, http:\/\/colfarma.info\/colfarchascomus\/wp-content\/uploads\/2019\/03\/WhatsApp-Image-2019-03-26-at-10.28.47-2-768x576.jpeg 768w, http:\/\/colfarma.info\/colfarchascomus\/wp-content\/uploads\/2019\/03\/WhatsApp-Image-2019-03-26-at-10.28.47-2.jpeg 1280w\" sizes=\"auto, (max-width: 1024px) 100vw, 1024px\" \/><\/figure>\n\n\n\n<p>Justamente Javier Soliani,  uno de los hijos farmac\u00e9uticos de Eduardo y Alicia quienes compraron la farmacia a Beba Otero, es propietario de esta tradicional droguer\u00eda nacida en la vieja calle Buenos Aires a principios del siglo pasado y que hoy tiene como raz\u00f3n social Farmacia del Centro SCS.<\/p>\n\n\n\n<figure class=\"wp-block-image\"><img loading=\"lazy\" decoding=\"async\" width=\"1024\" height=\"768\" src=\"http:\/\/colfarma.info\/colfarchascomus\/wp-content\/uploads\/2019\/03\/WhatsApp-Image-2019-03-26-at-10.12.20-1024x768.jpeg\" alt=\"\" class=\"wp-image-612\" srcset=\"http:\/\/colfarma.info\/colfarchascomus\/wp-content\/uploads\/2019\/03\/WhatsApp-Image-2019-03-26-at-10.12.20-1024x768.jpeg 1024w, http:\/\/colfarma.info\/colfarchascomus\/wp-content\/uploads\/2019\/03\/WhatsApp-Image-2019-03-26-at-10.12.20-300x225.jpeg 300w, http:\/\/colfarma.info\/colfarchascomus\/wp-content\/uploads\/2019\/03\/WhatsApp-Image-2019-03-26-at-10.12.20-768x576.jpeg 768w, http:\/\/colfarma.info\/colfarchascomus\/wp-content\/uploads\/2019\/03\/WhatsApp-Image-2019-03-26-at-10.12.20.jpeg 1152w\" sizes=\"auto, (max-width: 1024px) 100vw, 1024px\" \/><\/figure>\n\n\n\n<p>\u201c<em>Nuestro fuerte es la buena atenci\u00f3n y gran stock en medicamentos y perfumer\u00eda. Tambi\u00e9n la modernidad que tiene la farmacia, por ejemplo hace un a\u00f1o renovamos todo el mobiliario, y la ubicaci\u00f3n, en pleno centro, lo que nos lleva a abrir los s\u00e1bados por la tarde\u201d<\/em>, coment\u00f3 Javier.<\/p>\n\n\n\n<p>En este emprendimiento familiar, Soliani es acompa\u00f1ado por su se\u00f1ora, Estefan\u00eda Basset, y la farmac\u00e9utica Silvina Mart\u00ednez, adem\u00e1s de un numeroso staff integrado por Ana Kechichian, Anal\u00eda y Lorena Basset, Carolina Casta\u00f1o, Lorena Medina, Rosario Scarpitti y Juan Jos\u00e9 Yamul. <\/p>\n\n\n\n<figure class=\"wp-block-image\"><img loading=\"lazy\" decoding=\"async\" width=\"1024\" height=\"768\" src=\"http:\/\/colfarma.info\/colfarchascomus\/wp-content\/uploads\/2019\/03\/WhatsApp-Image-2019-03-26-at-09.51.41-1024x768.jpeg\" alt=\"\" class=\"wp-image-613\" srcset=\"http:\/\/colfarma.info\/colfarchascomus\/wp-content\/uploads\/2019\/03\/WhatsApp-Image-2019-03-26-at-09.51.41-1024x768.jpeg 1024w, http:\/\/colfarma.info\/colfarchascomus\/wp-content\/uploads\/2019\/03\/WhatsApp-Image-2019-03-26-at-09.51.41-300x225.jpeg 300w, http:\/\/colfarma.info\/colfarchascomus\/wp-content\/uploads\/2019\/03\/WhatsApp-Image-2019-03-26-at-09.51.41-768x576.jpeg 768w, http:\/\/colfarma.info\/colfarchascomus\/wp-content\/uploads\/2019\/03\/WhatsApp-Image-2019-03-26-at-09.51.41.jpeg 1152w\" sizes=\"auto, (max-width: 1024px) 100vw, 1024px\" \/><\/figure>\n\n\n\n<p>\u201cEn mi caso en particular, estoy cada vez m\u00e1s dedicado a la administraci\u00f3n, muy pocas veces estoy en el mostrador, donde las chicas y el Turco son los responsables de lo que destacan nuestros clientes, la atenci\u00f3n\u201d, termin\u00f3 el farmac\u00e9utico.<\/p>\n\n\n\n<p>ALFONS\u00cdN, UBIEDO y OTERO<br> Cerca de 100 a\u00f1os atr\u00e1s, m\u00e1s precisamente a la d\u00e9cada del 20 del siglo pasado, fue cuando naci\u00f3 Farmacia Alfons\u00edn, de la mano del farmac\u00e9utico Norberto Alfons\u00edn,  integrante de una familia numerosa y tradicional, hermano de Rodolfo, Enrique, Ernesto, Luis, Ra\u00fal y Ang\u00e9lica.<\/p>\n\n\n\n<p>A tal droguer\u00eda ubicada en la esquina actual de Libres del Sur y Soler, proveniente del interior de la provincia y con destino en tren a Buenos Aires para buscar trabajo, lleg\u00f3 Delio Ubiedo, que, convencido sobre rieles por un parroquiano del Bar National, se baj\u00f3 antes y luego de oficiar de empleado y estudiar Id\u00f3neo de Farmacia termin\u00f3 como propietario junto con el Negro Otero, que tambi\u00e9n fue colaborador del fallecido Alfons\u00edn.<\/p>\n\n\n\n<figure class=\"wp-block-image\"><img loading=\"lazy\" decoding=\"async\" width=\"1024\" height=\"768\" src=\"http:\/\/colfarma.info\/colfarchascomus\/wp-content\/uploads\/2019\/03\/WhatsApp-Image-2019-03-26-at-10.28.48-1024x768.jpeg\" alt=\"\" class=\"wp-image-614\" srcset=\"http:\/\/colfarma.info\/colfarchascomus\/wp-content\/uploads\/2019\/03\/WhatsApp-Image-2019-03-26-at-10.28.48-1024x768.jpeg 1024w, http:\/\/colfarma.info\/colfarchascomus\/wp-content\/uploads\/2019\/03\/WhatsApp-Image-2019-03-26-at-10.28.48-300x225.jpeg 300w, http:\/\/colfarma.info\/colfarchascomus\/wp-content\/uploads\/2019\/03\/WhatsApp-Image-2019-03-26-at-10.28.48-768x576.jpeg 768w, http:\/\/colfarma.info\/colfarchascomus\/wp-content\/uploads\/2019\/03\/WhatsApp-Image-2019-03-26-at-10.28.48.jpeg 1280w\" sizes=\"auto, (max-width: 1024px) 100vw, 1024px\" \/><\/figure>\n\n\n\n<figure class=\"wp-block-image\"><img loading=\"lazy\" decoding=\"async\" width=\"1024\" height=\"768\" src=\"http:\/\/colfarma.info\/colfarchascomus\/wp-content\/uploads\/2019\/03\/WhatsApp-Image-2019-03-26-at-09.52.56-1024x768.jpeg\" alt=\"\" class=\"wp-image-615\" srcset=\"http:\/\/colfarma.info\/colfarchascomus\/wp-content\/uploads\/2019\/03\/WhatsApp-Image-2019-03-26-at-09.52.56-1024x768.jpeg 1024w, http:\/\/colfarma.info\/colfarchascomus\/wp-content\/uploads\/2019\/03\/WhatsApp-Image-2019-03-26-at-09.52.56-300x225.jpeg 300w, http:\/\/colfarma.info\/colfarchascomus\/wp-content\/uploads\/2019\/03\/WhatsApp-Image-2019-03-26-at-09.52.56-768x576.jpeg 768w, http:\/\/colfarma.info\/colfarchascomus\/wp-content\/uploads\/2019\/03\/WhatsApp-Image-2019-03-26-at-09.52.56.jpeg 1152w\" sizes=\"auto, (max-width: 1024px) 100vw, 1024px\" \/><\/figure>\n\n\n\n<p>En ese entonces, la sociedad entre Ubiedo y Otero puso como titular farmac\u00e9utica a Mar\u00eda Josefa Zuluaga, maestra de varias generaciones de chascomunenses, y finalmente, con la farmacia en manos de la hija del Negro y su marido, Beba Otero y Roberto Gianastasio, se vio la labor de varios profesionales, hasta llegar a este presente de tradici\u00f3n y modernidad establecido por los Soliani.<\/p>\n","protected":false},"excerpt":{"rendered":"<p>ALFONS\u00cdN, TRADICI\u00d3N Y MODERNIDAD, PERO SOBRE TODO BUEN ATENCI\u00d3N Si bien es una de las primeras farmacias de Chascom\u00fas, e incluso sigue funcionando en la misma cuadra de siempre, aunque migrando en tres ocasiones hasta establecerse en Libres del Sur 133, Farmacia Alfons\u00edn se destaca por su modernidad y atenci\u00f3n, esa que supo imprimirle, desde <a class=\"more-link\" href=\"http:\/\/colfarma.info\/colfarchascomus\/farmacia-alfonsin\/\">Leer m\u00e1s &#8230;<\/a><\/p>\n","protected":false},"author":4,"featured_media":611,"comment_status":"closed","ping_status":"closed","sticky":false,"template":"","format":"standard","meta":{"footnotes":""},"categories":[1],"tags":[],"class_list":["post-608","post","type-post","status-publish","format-standard","has-post-thumbnail","hentry","category-uncategorized"],"_links":{"self":[{"href":"http:\/\/colfarma.info\/colfarchascomus\/wp-json\/wp\/v2\/posts\/608","targetHints":{"allow":["GET"]}}],"collection":[{"href":"http:\/\/colfarma.info\/colfarchascomus\/wp-json\/wp\/v2\/posts"}],"about":[{"href":"http:\/\/colfarma.info\/colfarchascomus\/wp-json\/wp\/v2\/types\/post"}],"author":[{"embeddable":true,"href":"http:\/\/colfarma.info\/colfarchascomus\/wp-json\/wp\/v2\/users\/4"}],"replies":[{"embeddable":true,"href":"http:\/\/colfarma.info\/colfarchascomus\/wp-json\/wp\/v2\/comments?post=608"}],"version-history":[{"count":2,"href":"http:\/\/colfarma.info\/colfarchascomus\/wp-json\/wp\/v2\/posts\/608\/revisions"}],"predecessor-version":[{"id":617,"href":"http:\/\/colfarma.info\/colfarchascomus\/wp-json\/wp\/v2\/posts\/608\/revisions\/617"}],"wp:featuredmedia":[{"embeddable":true,"href":"http:\/\/colfarma.info\/colfarchascomus\/wp-json\/wp\/v2\/media\/611"}],"wp:attachment":[{"href":"http:\/\/colfarma.info\/colfarchascomus\/wp-json\/wp\/v2\/media?parent=608"}],"wp:term":[{"taxonomy":"category","embeddable":true,"href":"http:\/\/colfarma.info\/colfarchascomus\/wp-json\/wp\/v2\/categories?post=608"},{"taxonomy":"post_tag","embeddable":true,"href":"http:\/\/colfarma.info\/colfarchascomus\/wp-json\/wp\/v2\/tags?post=608"}],"curies":[{"name":"wp","href":"https:\/\/api.w.org\/{rel}","templated":true}]}}