{"id":600,"date":"2019-03-19T21:05:48","date_gmt":"2019-03-19T21:05:48","guid":{"rendered":"http:\/\/colfarma.info\/colfarchascomus\/?p=600"},"modified":"2019-03-19T21:05:49","modified_gmt":"2019-03-19T21:05:49","slug":"farmacia-oria","status":"publish","type":"post","link":"http:\/\/colfarma.info\/colfarchascomus\/farmacia-oria\/","title":{"rendered":"Farmacia Oria"},"content":{"rendered":"\n<p> #ConocimientoNuestrasFarmacias \u2695\ufe0f\ud83d\udc69\u200d\u2695\ufe0fORIA, FARMACIA DE LAS CUATRO D\u00c9CADAS, UNA HISTORIA DE VIDAEs que el 9 de enero de 1980, tras recibirse de farmac\u00e9utica en la Universidad Nacional de La Plata un semestre antes y ya con dos hijos y otro en camino, Mar\u00eda Graciela Oria abri\u00f3 su farmacia en Libres del Sur 413, emprendimiento encarado junto con su marido Poli Fourquet. <\/p>\n\n\n\n<figure class=\"wp-block-image\"><img loading=\"lazy\" decoding=\"async\" width=\"768\" height=\"1024\" src=\"http:\/\/colfarma.info\/colfarchascomus\/wp-content\/uploads\/2019\/03\/WhatsApp-Image-2019-03-19-at-10.31.05-1-768x1024.jpeg\" alt=\"\" class=\"wp-image-602\" srcset=\"http:\/\/colfarma.info\/colfarchascomus\/wp-content\/uploads\/2019\/03\/WhatsApp-Image-2019-03-19-at-10.31.05-1-768x1024.jpeg 768w, http:\/\/colfarma.info\/colfarchascomus\/wp-content\/uploads\/2019\/03\/WhatsApp-Image-2019-03-19-at-10.31.05-1-225x300.jpeg 225w, http:\/\/colfarma.info\/colfarchascomus\/wp-content\/uploads\/2019\/03\/WhatsApp-Image-2019-03-19-at-10.31.05-1.jpeg 864w\" sizes=\"auto, (max-width: 768px) 100vw, 768px\" \/><\/figure>\n\n\n\n<p>Para comprar el primer stock de medicamentos, recuerda, tuvo que pedir un cr\u00e9dito personal ya que por entonces no exist\u00eda la Caja Previsional de Farmac\u00e9uticos (CAFAR), organismo que hoy otorga cr\u00e9ditos para iniciarse en la profesi\u00f3n. Al poco tiempo, tras tener la colaboraci\u00f3n de Mabel Franchino, Graciela sum\u00f3 a quien hoy sigue siendo su aliada en la farmacia y en la vida, Susana Sinconegui de Aldabe, acopl\u00e1ndose hace unos a\u00f1os Patricia Barcel\u00f3, luego de In\u00e9s Gorzynski.  <\/p>\n\n\n\n<figure class=\"wp-block-image\"><img loading=\"lazy\" decoding=\"async\" width=\"1024\" height=\"768\" src=\"http:\/\/colfarma.info\/colfarchascomus\/wp-content\/uploads\/2019\/03\/WhatsApp-Image-2019-03-19-at-10.31.09-2-1024x768.jpeg\" alt=\"\" class=\"wp-image-603\" srcset=\"http:\/\/colfarma.info\/colfarchascomus\/wp-content\/uploads\/2019\/03\/WhatsApp-Image-2019-03-19-at-10.31.09-2-1024x768.jpeg 1024w, http:\/\/colfarma.info\/colfarchascomus\/wp-content\/uploads\/2019\/03\/WhatsApp-Image-2019-03-19-at-10.31.09-2-300x225.jpeg 300w, http:\/\/colfarma.info\/colfarchascomus\/wp-content\/uploads\/2019\/03\/WhatsApp-Image-2019-03-19-at-10.31.09-2-768x576.jpeg 768w, http:\/\/colfarma.info\/colfarchascomus\/wp-content\/uploads\/2019\/03\/WhatsApp-Image-2019-03-19-at-10.31.09-2.jpeg 1152w\" sizes=\"auto, (max-width: 1024px) 100vw, 1024px\" \/><\/figure>\n\n\n\n<p>Cuando reci\u00e9n comenz\u00f3, hab\u00eda mucha m\u00e1s demanda de f\u00f3rmulas magistrales y los farmac\u00e9uticos pasaban m\u00e1s horas haciendo preparados. Con el tiempo, fue ganando el medicamento elaborado por los laboratorios. En estos casi 40 a\u00f1os frente a la farmacia fue testigo de algunas de las \u00e9pocas m\u00e1s dif\u00edciles del pa\u00eds, como la hiperinflaci\u00f3n del \u2018 89,  cuando  hubo desabastecimiento de medicamentos por falta de precios y los vecinos ten\u00edan que sustituir medicinas o buscarlas en diferentes establecimiento. La crisis de 2001 puso en peligro la continuidad del proyecto ya que la cesaci\u00f3n de pagos por parte de PAMI ahogaba a las farmacias peque\u00f1as. Y Graciela ya estaba criando y educando sola a sus 3 hijos tras la partida de Poli.<\/p>\n\n\n\n<figure class=\"wp-block-image\"><img loading=\"lazy\" decoding=\"async\" width=\"1024\" height=\"768\" src=\"http:\/\/colfarma.info\/colfarchascomus\/wp-content\/uploads\/2019\/03\/WhatsApp-Image-2019-03-19-at-10.32.06-1-1024x768.jpeg\" alt=\"\" class=\"wp-image-604\" srcset=\"http:\/\/colfarma.info\/colfarchascomus\/wp-content\/uploads\/2019\/03\/WhatsApp-Image-2019-03-19-at-10.32.06-1-1024x768.jpeg 1024w, http:\/\/colfarma.info\/colfarchascomus\/wp-content\/uploads\/2019\/03\/WhatsApp-Image-2019-03-19-at-10.32.06-1-300x225.jpeg 300w, http:\/\/colfarma.info\/colfarchascomus\/wp-content\/uploads\/2019\/03\/WhatsApp-Image-2019-03-19-at-10.32.06-1-768x576.jpeg 768w, http:\/\/colfarma.info\/colfarchascomus\/wp-content\/uploads\/2019\/03\/WhatsApp-Image-2019-03-19-at-10.32.06-1.jpeg 1040w\" sizes=\"auto, (max-width: 1024px) 100vw, 1024px\" \/><\/figure>\n\n\n\n<figure class=\"wp-block-image\"><img loading=\"lazy\" decoding=\"async\" width=\"1024\" height=\"768\" src=\"http:\/\/colfarma.info\/colfarchascomus\/wp-content\/uploads\/2019\/03\/446e6ec8-f9c4-47b8-9b00-6abadc9b38cb-1-1024x768.jpg\" alt=\"\" class=\"wp-image-606\" srcset=\"http:\/\/colfarma.info\/colfarchascomus\/wp-content\/uploads\/2019\/03\/446e6ec8-f9c4-47b8-9b00-6abadc9b38cb-1-1024x768.jpg 1024w, http:\/\/colfarma.info\/colfarchascomus\/wp-content\/uploads\/2019\/03\/446e6ec8-f9c4-47b8-9b00-6abadc9b38cb-1-300x225.jpg 300w, http:\/\/colfarma.info\/colfarchascomus\/wp-content\/uploads\/2019\/03\/446e6ec8-f9c4-47b8-9b00-6abadc9b38cb-1-768x576.jpg 768w, http:\/\/colfarma.info\/colfarchascomus\/wp-content\/uploads\/2019\/03\/446e6ec8-f9c4-47b8-9b00-6abadc9b38cb-1.jpg 1152w\" sizes=\"auto, (max-width: 1024px) 100vw, 1024px\" \/><\/figure>\n\n\n\n<p>Hoy, la abuela de Maitena, Camilo e Isolina la sigue peleando en Farmacia Oria, sin renunciar a su pensamiento y haciendo bandera lo que siente: \u201cSomos un Centro de Atenci\u00f3n Primaria, somos parte del Sistema de Salud. Creo que la clave es la atenci\u00f3n personalizada y saber armar un equipo de trabajo\u201d.#Farmacias #Farmaceuticos #Chascomus  <\/p>\n","protected":false},"excerpt":{"rendered":"<p>#ConocimientoNuestrasFarmacias \u2695\ufe0f\ud83d\udc69\u200d\u2695\ufe0fORIA, FARMACIA DE LAS CUATRO D\u00c9CADAS, UNA HISTORIA DE VIDAEs que el 9 de enero de 1980, tras recibirse de farmac\u00e9utica en la Universidad Nacional de La Plata un semestre antes y ya con dos hijos y otro en camino, Mar\u00eda Graciela Oria abri\u00f3 su farmacia en Libres del Sur 413, emprendimiento encarado junto <a class=\"more-link\" href=\"http:\/\/colfarma.info\/colfarchascomus\/farmacia-oria\/\">Leer m\u00e1s &#8230;<\/a><\/p>\n","protected":false},"author":4,"featured_media":602,"comment_status":"closed","ping_status":"closed","sticky":false,"template":"","format":"standard","meta":{"footnotes":""},"categories":[1],"tags":[5,10],"class_list":["post-600","post","type-post","status-publish","format-standard","has-post-thumbnail","hentry","category-uncategorized","tag-farmaceuticos","tag-farmacias"],"_links":{"self":[{"href":"http:\/\/colfarma.info\/colfarchascomus\/wp-json\/wp\/v2\/posts\/600","targetHints":{"allow":["GET"]}}],"collection":[{"href":"http:\/\/colfarma.info\/colfarchascomus\/wp-json\/wp\/v2\/posts"}],"about":[{"href":"http:\/\/colfarma.info\/colfarchascomus\/wp-json\/wp\/v2\/types\/post"}],"author":[{"embeddable":true,"href":"http:\/\/colfarma.info\/colfarchascomus\/wp-json\/wp\/v2\/users\/4"}],"replies":[{"embeddable":true,"href":"http:\/\/colfarma.info\/colfarchascomus\/wp-json\/wp\/v2\/comments?post=600"}],"version-history":[{"count":1,"href":"http:\/\/colfarma.info\/colfarchascomus\/wp-json\/wp\/v2\/posts\/600\/revisions"}],"predecessor-version":[{"id":607,"href":"http:\/\/colfarma.info\/colfarchascomus\/wp-json\/wp\/v2\/posts\/600\/revisions\/607"}],"wp:featuredmedia":[{"embeddable":true,"href":"http:\/\/colfarma.info\/colfarchascomus\/wp-json\/wp\/v2\/media\/602"}],"wp:attachment":[{"href":"http:\/\/colfarma.info\/colfarchascomus\/wp-json\/wp\/v2\/media?parent=600"}],"wp:term":[{"taxonomy":"category","embeddable":true,"href":"http:\/\/colfarma.info\/colfarchascomus\/wp-json\/wp\/v2\/categories?post=600"},{"taxonomy":"post_tag","embeddable":true,"href":"http:\/\/colfarma.info\/colfarchascomus\/wp-json\/wp\/v2\/tags?post=600"}],"curies":[{"name":"wp","href":"https:\/\/api.w.org\/{rel}","templated":true}]}}